{"id":3238,"date":"2018-01-26T09:00:27","date_gmt":"2018-01-26T12:00:27","guid":{"rendered":"https:\/\/www.scuadra.com.br\/blog\/?p=3238"},"modified":"2021-06-10T15:01:39","modified_gmt":"2021-06-10T18:01:39","slug":"como-transformacao-digital-impacta-o-varejo","status":"publish","type":"post","link":"https:\/\/www.scuadra.com.br\/blog\/como-transformacao-digital-impacta-o-varejo\/","title":{"rendered":"Como a transforma\u00e7\u00e3o digital impacta o varejo?"},"content":{"rendered":"<p>A internet mudou o mundo drasticamente desde a sua inven\u00e7\u00e3o, mas foi nos \u00faltimos anos que sua influ\u00eancia foi mais percept\u00edvel em nosso dia a dia. Seus impactos v\u00e3o desde coisas corriqueiras, como a forma de se informar, aprender e comunicar, at\u00e9 decis\u00f5es de maior impacto, como comprar um carro ou uma casa. A transforma\u00e7\u00e3o digital penetrou em todos os aspectos de nossa vida, mas uma das \u00e1reas em que ela mais se fez presente \u00e9 a dos <a href=\"https:\/\/www.scuadra.com.br\/blog\/3-desafios-do-marketing-de-varejo-diante-dos-novos-perfis-de-consumo\/\">h\u00e1bitos de consumo<\/a>.<\/p>\n<p>Inicialmente, ela era uma fonte buscada por quem desejava comprar um produto, do qual se precisava pesquisar mais informa\u00e7\u00f5es ou era mais dif\u00edcil de se encontrar, como um lan\u00e7amento de eletroeletr\u00f4nico.<\/p>\n<p>Hoje, at\u00e9 a decis\u00e3o de compra de um simples shampoo passa pela chancela da avalia\u00e7\u00e3o online, n\u00e3o importando se a aquisi\u00e7\u00e3o ser\u00e1 ou n\u00e3o realizada em e-commerce.<\/p>\n<p>Atualmente, o Brasil conta com <a href=\"http:\/\/agenciabrasil.ebc.com.br\/geral\/noticia\/2017-10\/relatorio-aponta-brasil-como-quarto-pais-em-numero-de-usuarios-de-internet\">100 milh\u00f5es <\/a>de pessoas conectadas. Dentre elas, 47% buscam informa\u00e7\u00f5es na internet, antes de comprar em loja f\u00edsica, segundo <a href=\"http:\/\/www.cndl.org.br\/noticia\/47-dos-internautas-sempre-buscam-informacoes-online-antes-de-comprarem-em-lojas-fisicas-mostra-levantamento-da-cndl-e-spc-brasil\/\">levantamento<\/a> do SPC Brasil em parceria com a CNDL.<\/p>\n<p>Diante de dados t\u00e3o impressionantes, fica imposs\u00edvel ignorar o impacto da transforma\u00e7\u00e3o digital na decis\u00e3o de compra do varejo. Quer saber mais sobre o assunto? Continue a leitura e confira mais informa\u00e7\u00f5es!<\/p>\n<h2>Quais s\u00e3o a tend\u00eancias tecnol\u00f3gicas que mudaram o varejo?<\/h2>\n<p>Veja a seguir as principais tend\u00eancias tecnol\u00f3gicas a serem consideradas pelo lojista que deseja manter sua competitividade. Acompanhe!<\/p>\n<h3>Mobile<\/h3>\n<p>Porta de conex\u00e3o entre o mundo f\u00edsico e o digital, o mobile transformou a forma de fazer compras. Com ele, o vendedor n\u00e3o \u00e9 mais a \u00fanica fonte de informa\u00e7\u00f5es presente no momento da aquisi\u00e7\u00e3o. Por meio de uma pesquisa r\u00e1pida, o consumidor j\u00e1 pode saber qual a m\u00e9dia de pre\u00e7o nas outras lojas, quais as principais avalia\u00e7\u00f5es e conhecer produtos similares.<\/p>\n<p>Isso exige um maior preparo da equipe de vendas, que precisa fazer do atendimento um diferencial, e tamb\u00e9m uma preocupa\u00e7\u00e3o com o ponto de vendas, que precisa ser atrativo, proporcionar intera\u00e7\u00e3o com o produto e trabalhar muito bem a comunica\u00e7\u00e3o de cada atributo, para n\u00e3o perder para a abund\u00e2ncia de informa\u00e7\u00f5es encontrada no digital.<\/p>\n<h3>Market Place<\/h3>\n<p>O Market Place \u00e9 uma esp\u00e9cie de \u201cshopping\u201d virtual, que re\u00fane diversas lojas e marcas em um s\u00f3 lugar. \u00c9 uma inova\u00e7\u00e3o muito interessante para empresas menores, que tenham ou n\u00e3o e-commerce pr\u00f3prio, ganharem visibilidade no vasto mundo da internet.<\/p>\n<p>Essa acaba sendo uma alternativa muito boa para quem deseja garantir uma presen\u00e7a no digital, sem investir em grandes mudan\u00e7as e gastos, ajudando ainda na divulga\u00e7\u00e3o da loja para al\u00e9m da sua regi\u00e3o.<\/p>\n<h3>E-commerce<\/h3>\n<p>45% dos consumidores brasileiros que compram online, o fazem para n\u00e3o ter que sair de casa. Essa \u00e9, sem d\u00favida, uma das facilidades do e-commerce que o varejo tem de reconhecer e passar a oferecer aos seus clientes que tamb\u00e9m compram pela internet, por falta de tempo (29%) ou de disponibilidade de hor\u00e1rio (31%).<\/p>\n<p>O e-commerce anda facilita a compara\u00e7\u00e3o de pre\u00e7os e caracter\u00edsticas dos produtos.<\/p>\n<h3>Digital Influencers<\/h3>\n<p>Entrando mais a fundo nas transforma\u00e7\u00f5es sociais causadas pelo digital, podemos destacar os influenciadores digitais e seu papel na divulga\u00e7\u00e3o de produtos e lojas.<\/p>\n<p>As celebridades da internet podem ter milhares ou milh\u00f5es de seguidores, alcance regional ou nacional, mas uma coisa \u00e9 certa: o que elas compram, onde compram e como compram \u00e9 fator de decis\u00e3o importante para o p\u00fablico, que costuma acompanhar o dia a dia dos influenciadores, por meio de dispositivos mobile.<\/p>\n<h2>Como adaptar o meu varejo \u00e0 transforma\u00e7\u00e3o digital?<\/h2>\n<p>Essa \u00e9 uma das perguntas que mais passam na cabe\u00e7a dos varejistas: como adaptar meu neg\u00f3cio para concorrer em algo t\u00e3o vers\u00e1til e veloz quanto a internet?<\/p>\n<p>A seguir vamos falar de algumas t\u00e1ticas online que voc\u00ea pode utilizar para atrair o consumidor do digital para sua loja. Confira.<\/p>\n<h3><a href=\"https:\/\/www.scuadra.com.br\/blog\/quais-as-principais-vantagens-da-vitrine-digital-para-o-meu-varejo\/\">Vitrine Digital<\/a><\/h3>\n<p>Se pararmos para pensar na principal fun\u00e7\u00e3o de uma vitrine, chegaremos \u00e0 conclus\u00e3o que \u00e9 atrair pessoas que estiverem passando na rua, para dentro da loja.<\/p>\n<p>Se com a transforma\u00e7\u00e3o digital o alcance de produtos e servi\u00e7os fica quase que ilimitado, ter uma vitrine digital \u00e9 fundamental para alcan\u00e7ar e atrair pessoas para a sua loja, sem se limitar aos espa\u00e7os f\u00edsicos.<\/p>\n<h3>Integra\u00e7\u00e3o Online e Offline<\/h3>\n<p>Ao mesmo tempo em que muitos compradores pesquisam na internet antes de comprar, outros (23%) n\u00e3o abrem m\u00e3o de visitar uma loja. Se voc\u00ea n\u00e3o quer perder o poder de influenciar nenhuma fatia desse p\u00fablico, uma boa estrat\u00e9gia \u00e9 integrar o e-commerce \u00e0 loja f\u00edsica.<\/p>\n<p>O consumidor \u00e9 um s\u00f3 e, por onde ele passar em sua jornada de compra, poder\u00e1 encontrar os servi\u00e7os de sua loja. Al\u00e9m do mais, um dos obst\u00e1culos do e-commerce \u00e9 a desconfian\u00e7a das pessoas quanto ao recebimento, medo que tende a ser amenizado quando h\u00e1 uma loja f\u00edsica para a qual recorrer.<\/p>\n<h3>Gamifica\u00e7\u00e3o<\/h3>\n<p>Pessoas sentem-se atra\u00eddas por jogos e isso faz da gamifica\u00e7\u00e3o outra \u00f3tima forma de atrair clientes e integrar online e offline, utilizando a l\u00f3gica e a din\u00e2mica de jogos para engajar pessoas!<\/p>\n<p>Misturando desafios e recompensas em uma esp\u00e9cie de &#8220;promo\u00e7\u00e3o&#8221; divertida, voc\u00ea poder\u00e1 estimular a\u00e7\u00f5es dentro e fora do mundo digital, atraindo assim novos clientes para ambas as plataformas e ainda ajudando a fidelizar os antigos, por meio de uma competi\u00e7\u00e3o saud\u00e1vel.<\/p>\n<p>Para que esse tipo de a\u00e7\u00e3o seja eficiente, ela precisa ser bem articulada e conectada a um prop\u00f3sito. O que mais diferencia uma estrat\u00e9gia de gamifica\u00e7\u00e3o de um concurso \u00e9 que ela sempre tem um objetivo por tr\u00e1s da simples premia\u00e7\u00e3o, ou seja, o jogador precisa estar em busca de uma miss\u00e3o a ser completada e n\u00e3o apenas do pr\u00eamio.<\/p>\n<h3><a href=\"https:\/\/www.scuadra.com.br\/blog\/como-as-midias-sociais-influenciam-no-processo-de-compra\/\">M\u00eddias Sociais<\/a><\/h3>\n<p>Aqui inclu\u00edmos tanto as redes sociais tradicionais, como Facebook e Instagram, quanto o Whatsapp, que n\u00e3o \u00e9 uma rede social por defini\u00e7\u00e3o, mas que j\u00e1 conquistou esse status pelo papel desempenhado em fun\u00e7\u00f5es, como conectar pessoas com interesses em comum, como podemos observar nos grupos do aplicativo.<\/p>\n<p>O varejo pode se utilizar dessa caracter\u00edstica para alcan\u00e7ar um \u201cboca a boca\u201d mais eficiente.<\/p>\n<p>Com a escassez de tempo na rotina da maioria das pessoas, elas dificilmente v\u00e3o despender energia indo at\u00e9 sua loja para ver se tem algo que as interessa, sem conhecer. Mas, se elas j\u00e1 tiverem visto algo nas redes sociais ou estiverem sabendo que chegaram novidades, poder\u00e3o se programar.<\/p>\n<p>Essas foram apenas algumas dicas para manter seu neg\u00f3cio atualizado e crescendo em meio a transforma\u00e7\u00e3o digital!<\/p>\n<p>Gostaria de continuar recebendo novidades e informa\u00e7\u00f5es relevantes para seu neg\u00f3cio? Assine nossa newsletter! \u00c9 rapidinho e voc\u00ea garante o recebimento do melhor conte\u00fado em primeira m\u00e3o!<\/p>\n<p><a href=\"https:\/\/www.scuadra.com.br\/\"><img decoding=\"async\" class=\"aligncenter wp-image-7754 size-medium\" src=\"https:\/\/www.scuadra.com.br\/blog\/wp-content\/uploads\/2020\/12\/Botao-05-1-300x74.png\" alt=\"\" width=\"300\" height=\"74\" \/><\/a><\/p>\n<div style=\"margin-top: 0px; margin-bottom: 0px;\" class=\"sharethis-inline-share-buttons\" ><\/div>","protected":false},"excerpt":{"rendered":"<p>A internet mudou o mundo drasticamente desde a sua inven\u00e7\u00e3o, mas foi nos \u00faltimos anos que sua influ\u00eancia foi mais percept\u00edvel em nosso dia a dia. Seus impactos v\u00e3o desde coisas corriqueiras, como a forma de se informar, aprender e comunicar, at\u00e9 decis\u00f5es de maior impacto, como comprar um carro ou uma casa. A transforma\u00e7\u00e3o [&hellip;]<\/p>\n","protected":false},"author":3,"featured_media":8260,"comment_status":"open","ping_status":"open","sticky":false,"template":"","format":"standard","meta":{"episode_type":"","audio_file":"","podmotor_file_id":"","podmotor_episode_id":"","cover_image":"","cover_image_id":"","duration":"","filesize":"","filesize_raw":"","date_recorded":"","explicit":"","block":""},"categories":[1],"tags":[],"series":[39],"episode_featured_image":"https:\/\/www.scuadra.com.br\/blog\/wp-content\/uploads\/2018\/01\/focused-young-bearded-man-freelancer-thinking-about-his-project-computer-cafe-bar-restaurant-scaled.jpg","episode_player_image":"https:\/\/www.scuadra.com.br\/blog\/wp-content\/plugins\/seriously-simple-podcasting\/assets\/images\/no-album-art.png","download_link":"","player_link":"","audio_player":false,"episode_data":{"playerMode":"dark","subscribeUrls":{"apple_podcasts":{"key":"apple_podcasts","url":"","label":"Apple Podcasts","class":"apple_podcasts","icon":"apple-podcasts.png"},"stitcher":{"key":"stitcher","url":"","label":"Stitcher","class":"stitcher","icon":"stitcher.png"},"google_podcasts":{"key":"google_podcasts","url":"","label":"Google Podcasts","class":"google_podcasts","icon":"google-podcasts.png"},"spotify":{"key":"spotify","url":"","label":"Spotify","class":"spotify","icon":"spotify.png"}},"rssFeedUrl":"https:\/\/www.scuadra.com.br\/blog\/feed\/podcast\/podcast-scuadra","embedCode":"<blockquote class=\"wp-embedded-content\" data-secret=\"mYrbmIIFjt\"><a href=\"https:\/\/www.scuadra.com.br\/blog\/como-transformacao-digital-impacta-o-varejo\/\">Como a transforma\u00e7\u00e3o digital impacta o varejo?<\/a><\/blockquote><iframe sandbox=\"allow-scripts\" security=\"restricted\" src=\"https:\/\/www.scuadra.com.br\/blog\/como-transformacao-digital-impacta-o-varejo\/embed\/#?secret=mYrbmIIFjt\" width=\"500\" height=\"350\" title=\"&#8220;Como a transforma\u00e7\u00e3o digital impacta o varejo?&#8221; &#8212; Embalagens diferenciadas e personalizadas | Scuadra\" data-secret=\"mYrbmIIFjt\" frameborder=\"0\" marginwidth=\"0\" marginheight=\"0\" scrolling=\"no\" class=\"wp-embedded-content\"><\/iframe><script type=\"text\/javascript\">\n\/*! This file is auto-generated *\/\n!function(c,d){\"use strict\";var e=!1,o=!1;if(d.querySelector)if(c.addEventListener)e=!0;if(c.wp=c.wp||{},c.wp.receiveEmbedMessage);else if(c.wp.receiveEmbedMessage=function(e){var t=e.data;if(!t);else if(!(t.secret||t.message||t.value));else if(\/[^a-zA-Z0-9]\/.test(t.secret));else{for(var r,s,a,i=d.querySelectorAll('iframe[data-secret=\"'+t.secret+'\"]'),n=d.querySelectorAll('blockquote[data-secret=\"'+t.secret+'\"]'),o=new RegExp(\"^https?:$\",\"i\"),l=0;l<n.length;l++)n[l].style.display=\"none\";for(l=0;l<i.length;l++)if(r=i[l],e.source!==r.contentWindow);else{if(r.removeAttribute(\"style\"),\"height\"===t.message){if(1e3<(s=parseInt(t.value,10)))s=1e3;else if(~~s<200)s=200;r.height=s}if(\"link\"===t.message)if(s=d.createElement(\"a\"),a=d.createElement(\"a\"),s.href=r.getAttribute(\"src\"),a.href=t.value,!o.test(a.protocol));else if(a.host===s.host)if(d.activeElement===r)c.top.location.href=t.value}}},e)c.addEventListener(\"message\",c.wp.receiveEmbedMessage,!1),d.addEventListener(\"DOMContentLoaded\",t,!1),c.addEventListener(\"load\",t,!1);function t(){if(o);else{o=!0;for(var e,t,r,s=-1!==navigator.appVersion.indexOf(\"MSIE 10\"),a=!!navigator.userAgent.match(\/Trident.*rv:11\\.\/),i=d.querySelectorAll(\"iframe.wp-embedded-content\"),n=0;n<i.length;n++){if(!(r=(t=i[n]).getAttribute(\"data-secret\")))r=Math.random().toString(36).substr(2,10),t.src+=\"#?secret=\"+r,t.setAttribute(\"data-secret\",r);if(s||a)(e=t.cloneNode(!0)).removeAttribute(\"security\"),t.parentNode.replaceChild(e,t);t.contentWindow.postMessage({message:\"ready\",secret:r},\"*\")}}}}(window,document);\n<\/script>\n"},"yoast_head":"<!-- This site is optimized with the Yoast SEO Premium plugin v20.12 (Yoast SEO v20.12) - https:\/\/yoast.com\/wordpress\/plugins\/seo\/ -->\n<title>Como a transforma\u00e7\u00e3o digital impacta o varejo?<\/title>\n<meta name=\"description\" content=\"A transforma\u00e7\u00e3o digital penetrou em todos os aspectos de nossa vida, mas uma das \u00e1reas em que ela mais se fez presente \u00e9 a dos h\u00e1bitos de consumo.\" \/>\n<meta name=\"robots\" content=\"index, follow, max-snippet:-1, max-image-preview:large, max-video-preview:-1\" \/>\n<link rel=\"canonical\" href=\"https:\/\/www.scuadra.com.br\/blog\/como-transformacao-digital-impacta-o-varejo\/\" \/>\n<meta property=\"og:locale\" content=\"pt_BR\" \/>\n<meta property=\"og:type\" content=\"article\" \/>\n<meta property=\"og:title\" content=\"Como a transforma\u00e7\u00e3o digital impacta o varejo?\" \/>\n<meta property=\"og:description\" content=\"A transforma\u00e7\u00e3o digital penetrou em todos os aspectos de nossa vida, mas uma das \u00e1reas em que ela mais se fez presente \u00e9 a dos h\u00e1bitos de consumo.\" \/>\n<meta property=\"og:url\" content=\"https:\/\/www.scuadra.com.br\/blog\/como-transformacao-digital-impacta-o-varejo\/\" \/>\n<meta property=\"og:site_name\" content=\"Embalagens diferenciadas e personalizadas | Scuadra\" \/>\n<meta property=\"article:publisher\" content=\"https:\/\/www.facebook.com\/scuadraembalagens\" \/>\n<meta property=\"article:published_time\" content=\"2018-01-26T12:00:27+00:00\" \/>\n<meta property=\"article:modified_time\" content=\"2021-06-10T18:01:39+00:00\" \/>\n<meta property=\"og:image\" content=\"https:\/\/www.scuadra.com.br\/blog\/wp-content\/uploads\/2018\/01\/focused-young-bearded-man-freelancer-thinking-about-his-project-computer-cafe-bar-restaurant-scaled.jpg\" \/>\n\t<meta property=\"og:image:width\" content=\"2560\" \/>\n\t<meta property=\"og:image:height\" content=\"1709\" \/>\n\t<meta property=\"og:image:type\" content=\"image\/jpeg\" \/>\n<meta name=\"author\" content=\"Scuadra\" \/>\n<meta name=\"twitter:card\" content=\"summary_large_image\" \/>\n<meta name=\"twitter:creator\" content=\"@scuadraembalage\" \/>\n<meta name=\"twitter:site\" content=\"@scuadraembalage\" \/>\n<meta name=\"twitter:label1\" content=\"Escrito por\" \/>\n\t<meta name=\"twitter:data1\" content=\"Scuadra\" \/>\n\t<meta name=\"twitter:label2\" content=\"Est. tempo de leitura\" \/>\n\t<meta name=\"twitter:data2\" content=\"5 minutos\" \/>\n<script type=\"application\/ld+json\" class=\"yoast-schema-graph\">{\"@context\":\"https:\/\/schema.org\",\"@graph\":[{\"@type\":\"Article\",\"@id\":\"https:\/\/www.scuadra.com.br\/blog\/como-transformacao-digital-impacta-o-varejo\/#article\",\"isPartOf\":{\"@id\":\"https:\/\/www.scuadra.com.br\/blog\/como-transformacao-digital-impacta-o-varejo\/\"},\"author\":{\"name\":\"Scuadra\",\"@id\":\"https:\/\/www.scuadra.com.br\/blog\/#\/schema\/person\/4ce2a1a7447fa15541ca415fe088ad85\"},\"headline\":\"Como a transforma\u00e7\u00e3o digital impacta o varejo?\",\"datePublished\":\"2018-01-26T12:00:27+00:00\",\"dateModified\":\"2021-06-10T18:01:39+00:00\",\"mainEntityOfPage\":{\"@id\":\"https:\/\/www.scuadra.com.br\/blog\/como-transformacao-digital-impacta-o-varejo\/\"},\"wordCount\":1190,\"commentCount\":0,\"publisher\":{\"@id\":\"https:\/\/www.scuadra.com.br\/blog\/#organization\"},\"articleSection\":[\"Planejamento\"],\"inLanguage\":\"pt-BR\",\"potentialAction\":[{\"@type\":\"CommentAction\",\"name\":\"Comment\",\"target\":[\"https:\/\/www.scuadra.com.br\/blog\/como-transformacao-digital-impacta-o-varejo\/#respond\"]}]},{\"@type\":\"WebPage\",\"@id\":\"https:\/\/www.scuadra.com.br\/blog\/como-transformacao-digital-impacta-o-varejo\/\",\"url\":\"https:\/\/www.scuadra.com.br\/blog\/como-transformacao-digital-impacta-o-varejo\/\",\"name\":\"Como a transforma\u00e7\u00e3o digital impacta o varejo?\",\"isPartOf\":{\"@id\":\"https:\/\/www.scuadra.com.br\/blog\/#website\"},\"datePublished\":\"2018-01-26T12:00:27+00:00\",\"dateModified\":\"2021-06-10T18:01:39+00:00\",\"description\":\"A transforma\u00e7\u00e3o digital penetrou em todos os aspectos de nossa vida, mas uma das \u00e1reas em que ela mais se fez presente \u00e9 a dos h\u00e1bitos de consumo.\",\"breadcrumb\":{\"@id\":\"https:\/\/www.scuadra.com.br\/blog\/como-transformacao-digital-impacta-o-varejo\/#breadcrumb\"},\"inLanguage\":\"pt-BR\",\"potentialAction\":[{\"@type\":\"ReadAction\",\"target\":[\"https:\/\/www.scuadra.com.br\/blog\/como-transformacao-digital-impacta-o-varejo\/\"]}]},{\"@type\":\"BreadcrumbList\",\"@id\":\"https:\/\/www.scuadra.com.br\/blog\/como-transformacao-digital-impacta-o-varejo\/#breadcrumb\",\"itemListElement\":[{\"@type\":\"ListItem\",\"position\":1,\"name\":\"In\u00edcio\",\"item\":\"https:\/\/www.scuadra.com.br\/blog\/\"},{\"@type\":\"ListItem\",\"position\":2,\"name\":\"Como a transforma\u00e7\u00e3o digital impacta o varejo?\"}]},{\"@type\":\"WebSite\",\"@id\":\"https:\/\/www.scuadra.com.br\/blog\/#website\",\"url\":\"https:\/\/www.scuadra.com.br\/blog\/\",\"name\":\"Embalagens diferenciadas e personalizadas | Blog da Scuadra\",\"description\":\"Solu&ccedil;&otilde;es criativas e inovadoras no desenvolvimento de embalagens diferenciadas e personalizadas, que agreguem valor ao seu produto no ponto de venda.\",\"publisher\":{\"@id\":\"https:\/\/www.scuadra.com.br\/blog\/#organization\"},\"potentialAction\":[{\"@type\":\"SearchAction\",\"target\":{\"@type\":\"EntryPoint\",\"urlTemplate\":\"https:\/\/www.scuadra.com.br\/blog\/?s={search_term_string}\"},\"query-input\":\"required name=search_term_string\"}],\"inLanguage\":\"pt-BR\"},{\"@type\":\"Organization\",\"@id\":\"https:\/\/www.scuadra.com.br\/blog\/#organization\",\"name\":\"Scuadra Embalagens Diferenciadas Ind. e Com. Ltda\",\"url\":\"https:\/\/www.scuadra.com.br\/blog\/\",\"logo\":{\"@type\":\"ImageObject\",\"inLanguage\":\"pt-BR\",\"@id\":\"https:\/\/www.scuadra.com.br\/blog\/#\/schema\/logo\/image\/\",\"url\":\"https:\/\/www.scuadra.com.br\/blog\/wp-content\/uploads\/2016\/10\/SCUADRA_NOVO.png\",\"contentUrl\":\"https:\/\/www.scuadra.com.br\/blog\/wp-content\/uploads\/2016\/10\/SCUADRA_NOVO.png\",\"width\":400,\"height\":400,\"caption\":\"Scuadra Embalagens Diferenciadas Ind. e Com. Ltda\"},\"image\":{\"@id\":\"https:\/\/www.scuadra.com.br\/blog\/#\/schema\/logo\/image\/\"},\"sameAs\":[\"https:\/\/www.facebook.com\/scuadraembalagens\",\"https:\/\/twitter.com\/scuadraembalage\",\"https:\/\/www.instagram.com\/scuadraembalagens\/\",\"https:\/\/www.linkedin.com\/company\/scuadra-manuseio-e-kits-promocionais-ltda\",\"https:\/\/www.pinterest.com\/scuadraembalage\"]},{\"@type\":\"Person\",\"@id\":\"https:\/\/www.scuadra.com.br\/blog\/#\/schema\/person\/4ce2a1a7447fa15541ca415fe088ad85\",\"name\":\"Scuadra\",\"image\":{\"@type\":\"ImageObject\",\"inLanguage\":\"pt-BR\",\"@id\":\"https:\/\/www.scuadra.com.br\/blog\/#\/schema\/person\/image\/\",\"url\":\"https:\/\/www.scuadra.com.br\/blog\/wp-content\/uploads\/2017\/01\/logo_scuadra_v16-150x150.png\",\"contentUrl\":\"https:\/\/www.scuadra.com.br\/blog\/wp-content\/uploads\/2017\/01\/logo_scuadra_v16-150x150.png\",\"caption\":\"Scuadra\"},\"description\":\"Embalagens personalizadas para empresas que tenham inova\u00e7\u00e3o em seu DNA.\",\"url\":\"https:\/\/www.scuadra.com.br\/blog\/author\/scuadra\/\"}]}<\/script>\n<!-- \/ Yoast SEO Premium plugin. -->","yoast_head_json":{"title":"Como a transforma\u00e7\u00e3o digital impacta o varejo?","description":"A transforma\u00e7\u00e3o digital penetrou em todos os aspectos de nossa vida, mas uma das \u00e1reas em que ela mais se fez presente \u00e9 a dos h\u00e1bitos de consumo.","robots":{"index":"index","follow":"follow","max-snippet":"max-snippet:-1","max-image-preview":"max-image-preview:large","max-video-preview":"max-video-preview:-1"},"canonical":"https:\/\/www.scuadra.com.br\/blog\/como-transformacao-digital-impacta-o-varejo\/","og_locale":"pt_BR","og_type":"article","og_title":"Como a transforma\u00e7\u00e3o digital impacta o varejo?","og_description":"A transforma\u00e7\u00e3o digital penetrou em todos os aspectos de nossa vida, mas uma das \u00e1reas em que ela mais se fez presente \u00e9 a dos h\u00e1bitos de consumo.","og_url":"https:\/\/www.scuadra.com.br\/blog\/como-transformacao-digital-impacta-o-varejo\/","og_site_name":"Embalagens diferenciadas e personalizadas | Scuadra","article_publisher":"https:\/\/www.facebook.com\/scuadraembalagens","article_published_time":"2018-01-26T12:00:27+00:00","article_modified_time":"2021-06-10T18:01:39+00:00","og_image":[{"width":2560,"height":1709,"url":"https:\/\/www.scuadra.com.br\/blog\/wp-content\/uploads\/2018\/01\/focused-young-bearded-man-freelancer-thinking-about-his-project-computer-cafe-bar-restaurant-scaled.jpg","type":"image\/jpeg"}],"author":"Scuadra","twitter_card":"summary_large_image","twitter_creator":"@scuadraembalage","twitter_site":"@scuadraembalage","twitter_misc":{"Escrito por":"Scuadra","Est. tempo de leitura":"5 minutos"},"schema":{"@context":"https:\/\/schema.org","@graph":[{"@type":"Article","@id":"https:\/\/www.scuadra.com.br\/blog\/como-transformacao-digital-impacta-o-varejo\/#article","isPartOf":{"@id":"https:\/\/www.scuadra.com.br\/blog\/como-transformacao-digital-impacta-o-varejo\/"},"author":{"name":"Scuadra","@id":"https:\/\/www.scuadra.com.br\/blog\/#\/schema\/person\/4ce2a1a7447fa15541ca415fe088ad85"},"headline":"Como a transforma\u00e7\u00e3o digital impacta o varejo?","datePublished":"2018-01-26T12:00:27+00:00","dateModified":"2021-06-10T18:01:39+00:00","mainEntityOfPage":{"@id":"https:\/\/www.scuadra.com.br\/blog\/como-transformacao-digital-impacta-o-varejo\/"},"wordCount":1190,"commentCount":0,"publisher":{"@id":"https:\/\/www.scuadra.com.br\/blog\/#organization"},"articleSection":["Planejamento"],"inLanguage":"pt-BR","potentialAction":[{"@type":"CommentAction","name":"Comment","target":["https:\/\/www.scuadra.com.br\/blog\/como-transformacao-digital-impacta-o-varejo\/#respond"]}]},{"@type":"WebPage","@id":"https:\/\/www.scuadra.com.br\/blog\/como-transformacao-digital-impacta-o-varejo\/","url":"https:\/\/www.scuadra.com.br\/blog\/como-transformacao-digital-impacta-o-varejo\/","name":"Como a transforma\u00e7\u00e3o digital impacta o varejo?","isPartOf":{"@id":"https:\/\/www.scuadra.com.br\/blog\/#website"},"datePublished":"2018-01-26T12:00:27+00:00","dateModified":"2021-06-10T18:01:39+00:00","description":"A transforma\u00e7\u00e3o digital penetrou em todos os aspectos de nossa vida, mas uma das \u00e1reas em que ela mais se fez presente \u00e9 a dos h\u00e1bitos de consumo.","breadcrumb":{"@id":"https:\/\/www.scuadra.com.br\/blog\/como-transformacao-digital-impacta-o-varejo\/#breadcrumb"},"inLanguage":"pt-BR","potentialAction":[{"@type":"ReadAction","target":["https:\/\/www.scuadra.com.br\/blog\/como-transformacao-digital-impacta-o-varejo\/"]}]},{"@type":"BreadcrumbList","@id":"https:\/\/www.scuadra.com.br\/blog\/como-transformacao-digital-impacta-o-varejo\/#breadcrumb","itemListElement":[{"@type":"ListItem","position":1,"name":"In\u00edcio","item":"https:\/\/www.scuadra.com.br\/blog\/"},{"@type":"ListItem","position":2,"name":"Como a transforma\u00e7\u00e3o digital impacta o varejo?"}]},{"@type":"WebSite","@id":"https:\/\/www.scuadra.com.br\/blog\/#website","url":"https:\/\/www.scuadra.com.br\/blog\/","name":"Embalagens diferenciadas e personalizadas | Blog da Scuadra","description":"Solu&ccedil;&otilde;es criativas e inovadoras no desenvolvimento de embalagens diferenciadas e personalizadas, que agreguem valor ao seu produto no ponto de venda.","publisher":{"@id":"https:\/\/www.scuadra.com.br\/blog\/#organization"},"potentialAction":[{"@type":"SearchAction","target":{"@type":"EntryPoint","urlTemplate":"https:\/\/www.scuadra.com.br\/blog\/?s={search_term_string}"},"query-input":"required name=search_term_string"}],"inLanguage":"pt-BR"},{"@type":"Organization","@id":"https:\/\/www.scuadra.com.br\/blog\/#organization","name":"Scuadra Embalagens Diferenciadas Ind. e Com. Ltda","url":"https:\/\/www.scuadra.com.br\/blog\/","logo":{"@type":"ImageObject","inLanguage":"pt-BR","@id":"https:\/\/www.scuadra.com.br\/blog\/#\/schema\/logo\/image\/","url":"https:\/\/www.scuadra.com.br\/blog\/wp-content\/uploads\/2016\/10\/SCUADRA_NOVO.png","contentUrl":"https:\/\/www.scuadra.com.br\/blog\/wp-content\/uploads\/2016\/10\/SCUADRA_NOVO.png","width":400,"height":400,"caption":"Scuadra Embalagens Diferenciadas Ind. e Com. Ltda"},"image":{"@id":"https:\/\/www.scuadra.com.br\/blog\/#\/schema\/logo\/image\/"},"sameAs":["https:\/\/www.facebook.com\/scuadraembalagens","https:\/\/twitter.com\/scuadraembalage","https:\/\/www.instagram.com\/scuadraembalagens\/","https:\/\/www.linkedin.com\/company\/scuadra-manuseio-e-kits-promocionais-ltda","https:\/\/www.pinterest.com\/scuadraembalage"]},{"@type":"Person","@id":"https:\/\/www.scuadra.com.br\/blog\/#\/schema\/person\/4ce2a1a7447fa15541ca415fe088ad85","name":"Scuadra","image":{"@type":"ImageObject","inLanguage":"pt-BR","@id":"https:\/\/www.scuadra.com.br\/blog\/#\/schema\/person\/image\/","url":"https:\/\/www.scuadra.com.br\/blog\/wp-content\/uploads\/2017\/01\/logo_scuadra_v16-150x150.png","contentUrl":"https:\/\/www.scuadra.com.br\/blog\/wp-content\/uploads\/2017\/01\/logo_scuadra_v16-150x150.png","caption":"Scuadra"},"description":"Embalagens personalizadas para empresas que tenham inova\u00e7\u00e3o em seu DNA.","url":"https:\/\/www.scuadra.com.br\/blog\/author\/scuadra\/"}]}},"_links":{"self":[{"href":"https:\/\/www.scuadra.com.br\/blog\/wp-json\/wp\/v2\/posts\/3238"}],"collection":[{"href":"https:\/\/www.scuadra.com.br\/blog\/wp-json\/wp\/v2\/posts"}],"about":[{"href":"https:\/\/www.scuadra.com.br\/blog\/wp-json\/wp\/v2\/types\/post"}],"author":[{"embeddable":true,"href":"https:\/\/www.scuadra.com.br\/blog\/wp-json\/wp\/v2\/users\/3"}],"replies":[{"embeddable":true,"href":"https:\/\/www.scuadra.com.br\/blog\/wp-json\/wp\/v2\/comments?post=3238"}],"version-history":[{"count":4,"href":"https:\/\/www.scuadra.com.br\/blog\/wp-json\/wp\/v2\/posts\/3238\/revisions"}],"predecessor-version":[{"id":8262,"href":"https:\/\/www.scuadra.com.br\/blog\/wp-json\/wp\/v2\/posts\/3238\/revisions\/8262"}],"wp:featuredmedia":[{"embeddable":true,"href":"https:\/\/www.scuadra.com.br\/blog\/wp-json\/wp\/v2\/media\/8260"}],"wp:attachment":[{"href":"https:\/\/www.scuadra.com.br\/blog\/wp-json\/wp\/v2\/media?parent=3238"}],"wp:term":[{"taxonomy":"category","embeddable":true,"href":"https:\/\/www.scuadra.com.br\/blog\/wp-json\/wp\/v2\/categories?post=3238"},{"taxonomy":"post_tag","embeddable":true,"href":"https:\/\/www.scuadra.com.br\/blog\/wp-json\/wp\/v2\/tags?post=3238"},{"taxonomy":"series","embeddable":true,"href":"https:\/\/www.scuadra.com.br\/blog\/wp-json\/wp\/v2\/series?post=3238"}],"curies":[{"name":"wp","href":"https:\/\/api.w.org\/{rel}","templated":true}]}}