{"id":3303,"date":"2018-03-15T12:48:20","date_gmt":"2018-03-15T15:48:20","guid":{"rendered":"https:\/\/www.scuadra.com.br\/blog\/?p=3303"},"modified":"2022-03-11T08:33:04","modified_gmt":"2022-03-11T11:33:04","slug":"como-e-o-comportamento-do-consumidor-brasileiro-na-alimentacao-fora-de-casa","status":"publish","type":"post","link":"https:\/\/www.scuadra.com.br\/blog\/como-e-o-comportamento-do-consumidor-brasileiro-na-alimentacao-fora-de-casa\/","title":{"rendered":"Como \u00e9 o comportamento do consumidor brasileiro na alimenta\u00e7\u00e3o fora de casa?"},"content":{"rendered":"<p>As transforma\u00e7\u00f5es no mercado requerem uma boa dose de inova\u00e7\u00e3o e adapta\u00e7\u00e3o tanto do empreendedor quanto do consumidor. Em um cen\u00e1rio de crise, a alimenta\u00e7\u00e3o fora de casa tende sofrer impactos diretos.<\/p>\n<p>A diminui\u00e7\u00e3o do ganho real do cidad\u00e3o, sobretudo nas classes C e D, tende a mudar os h\u00e1bitos de consumo e alterar a oferta de praticidade e conveni\u00eancia nesse setor. Mas n\u00e3o \u00e9 somente a economia que dita as regras para o cliente.<\/p>\n<p>H\u00e1 uma s\u00e9rie de fatores que impactam no consumo e s\u00e3o fundamentais para determinar as prefer\u00eancias de quem se alimenta fora do lar. A seguir, usaremos essas vari\u00e1veis para tra\u00e7ar uma vis\u00e3o geral sobre o comportamento do consumidor brasileiro de food service.<\/p>\n<h2>Fatores que influenciam a alimenta\u00e7\u00e3o fora de casa<\/h2>\n<h3>Oscila\u00e7\u00f5es do mercado<\/h3>\n<p>Como vimos, a situa\u00e7\u00e3o econ\u00f4mica tem influ\u00eancia direta nos h\u00e1bitos de consumo de <a href=\"https:\/\/www.scuadra.com.br\/blog\/marketing-para-food-service-porque-e-tao-importante-e-quais-sao-suas-novas-tendencias\/\">food service<\/a>. O aumento da renda dos brasileiros tende a intensificar a busca pela alimenta\u00e7\u00e3o fora de casa e estimular o empreendedorismo nesse setor.<\/p>\n<h3>Industrializa\u00e7\u00e3o e urbaniza\u00e7\u00e3o<\/h3>\n<p>O processo de crescente industrializa\u00e7\u00e3o, urbaniza\u00e7\u00e3o e migra\u00e7\u00e3o para grandes cidades tamb\u00e9m faz com que cada vez mais pessoas busquem fazer suas refei\u00e7\u00f5es nas proximidades do local de trabalho ou estudo e menos em casa.<\/p>\n<h3>Transforma\u00e7\u00f5es sociais e culturais<\/h3>\n<p>Outros fatores determinantes s\u00e3o as mudan\u00e7as sociais e culturais. A maior participa\u00e7\u00e3o da mulher no mercado de trabalho, o aumento no grau de exig\u00eancia do consumidor e na cultura home office s\u00e3o exemplos que podem mudar h\u00e1bitos no consumo de alimentos.<\/p>\n<h3>Aumento da concorr\u00eancia<\/h3>\n<p>Nas \u00faltimas d\u00e9cadas, o nicho de food service teve um amplo desenvolvimento no Brasil, provocando um aumento da concorr\u00eancia. Isso n\u00e3o s\u00f3 mudou o n\u00edvel de exig\u00eancia do consumidor, como dissemos acima, mas tamb\u00e9m a oferta em quantidade e qualidade.<\/p>\n<h3>Gest\u00e3o do tempo<\/h3>\n<p>Hoje, muito em fun\u00e7\u00e3o do avan\u00e7o da <a href=\"https:\/\/www.scuadra.com.br\/blog\/como-transformacao-digital-impacta-o-varejo\/\">tecnologia<\/a>, o brasileiro administra melhor o seu tempo e tamb\u00e9m \u00e9 mais exigente em rela\u00e7\u00e3o aos prazos fornecidos por outros. No food service, otimizar a gest\u00e3o do tempo \u00e9 fundamental para trazer maior credibilidade para a marca.<\/p>\n<h2>O comportamento do consumidor brasileiro de food service<\/h2>\n<p>Como base nesses fatores que descrevemos acima, \u00e9 poss\u00edvel identificar algumas caracter\u00edsticas gerais do brasileiro que come fora de casa. Mesmo apesar do atual cen\u00e1rio de estagna\u00e7\u00e3o econ\u00f4mica, o mercado de food service segue em crescimento.<\/p>\n<p>O brasileiro \u00e9 quem mais consome food service na Am\u00e9rica Latina. Com rela\u00e7\u00e3o \u00e0s prefer\u00eancias, o <a href=\"https:\/\/www.scuadra.com.br\/blog\/embalagem-diferente-para-restaurantes-e-fast-foods\/\">fast food<\/a> lidera o ranking do consumidor, seguido do prato comercial e do self-service. O servi\u00e7o \u00e0 la carte segue no fim da lista.<\/p>\n<p>Ou seja, na d\u00favida entre pre\u00e7o e qualidade, o primeiro fator tem prefer\u00eancia. Ainda assim, um <a href=\"http:\/\/www.nielsen.com\/br\/pt\/insights\/news\/2016\/quase-7-em-cada-10-brasileiros-estao-dispostos-a-pagar-mais-por-alimentos-e-bebidas-sem-ingredientes-indesejaveis.html\">estudo<\/a> da Nielsen mostra que os brasileiros est\u00e3o cada vez mais seletivos e preferem pagar um pouco mais para eliminar ingredientes indesej\u00e1veis de sua alimenta\u00e7\u00e3o.<\/p>\n<p>Outro destaque est\u00e1 na frequ\u00eancia. Em 2015, mais da metade dos brasileiros j\u00e1 tinha o h\u00e1bito de comer fora de casa ao menos uma vez por semana, sendo o almo\u00e7o a refei\u00e7\u00e3o mais comum para mais de <a href=\"http:\/\/www.gazetadopovo.com.br\/bomgourmet\/mais-da-metade-dos-brasileiros-prefere-fast-food-ao-comer-fora-de-casa\/\">70% dos entrevistados<\/a>.<\/p>\n<p>Ou seja, quando se trata de alimenta\u00e7\u00e3o fora de casa, o consumidor brasileiro prioriza o pre\u00e7o, a rapidez e a <a href=\"https:\/\/www.scuadra.com.br\/blog\/embalagens-para-restaurantes-e-fast-foods-o-diferencial-que-o-seu-delivery-precisa\/\">conveni\u00eancia<\/a>. E se voc\u00ea quer saber mais sobre as principais tend\u00eancias do mercado, acompanhe a gente nas redes sociais. Estamos no <a href=\"https:\/\/www.facebook.com\/scuadraembalagens\">Facebook<\/a>, no <a href=\"https:\/\/plus.google.com\/+SCUADRAMANUSEIO\" target=\"_blank\" rel=\"noopener\">Google Plus<\/a> e no <a href=\"https:\/\/twitter.com\/SCUADRAMANUSEIO\">Twitter<\/a>!<\/p>\n<p><a href=\"https:\/\/bit.ly\/scuadra_blog01\" target=\"_blank\" rel=\"noopener\"><img fetchpriority=\"high\" decoding=\"async\" class=\"alignnone wp-image-9698 size-full\" src=\"https:\/\/www.scuadra.com.br\/blog\/wp-content\/uploads\/2022\/01\/Botao-CTA-02.png\" alt=\"\" width=\"1459\" height=\"420\" srcset=\"https:\/\/www.scuadra.com.br\/blog\/wp-content\/uploads\/2022\/01\/Botao-CTA-02.png 1459w, https:\/\/www.scuadra.com.br\/blog\/wp-content\/uploads\/2022\/01\/Botao-CTA-02-300x86.png 300w, https:\/\/www.scuadra.com.br\/blog\/wp-content\/uploads\/2022\/01\/Botao-CTA-02-1024x295.png 1024w, https:\/\/www.scuadra.com.br\/blog\/wp-content\/uploads\/2022\/01\/Botao-CTA-02-810x233.png 810w, https:\/\/www.scuadra.com.br\/blog\/wp-content\/uploads\/2022\/01\/Botao-CTA-02-1140x328.png 1140w\" sizes=\"(max-width: 1459px) 100vw, 1459px\" \/><\/a><\/p>\n<div style=\"margin-top: 0px; margin-bottom: 0px;\" class=\"sharethis-inline-share-buttons\" ><\/div>","protected":false},"excerpt":{"rendered":"<p>As transforma\u00e7\u00f5es no mercado requerem uma boa dose de inova\u00e7\u00e3o e adapta\u00e7\u00e3o tanto do empreendedor quanto do consumidor. Em um cen\u00e1rio de crise, a alimenta\u00e7\u00e3o fora de casa tende sofrer impactos diretos. A diminui\u00e7\u00e3o do ganho real do cidad\u00e3o, sobretudo nas classes C e D, tende a mudar os h\u00e1bitos de consumo e alterar a [&hellip;]<\/p>\n","protected":false},"author":3,"featured_media":8678,"comment_status":"open","ping_status":"open","sticky":false,"template":"","format":"standard","meta":{"episode_type":"audio","audio_file":"","podmotor_file_id":"","podmotor_episode_id":"","cover_image":"","cover_image_id":"","duration":"","filesize":"","filesize_raw":"","date_recorded":"","explicit":"","block":""},"categories":[28],"tags":[30],"series":[39],"episode_featured_image":"https:\/\/www.scuadra.com.br\/blog\/wp-content\/uploads\/2018\/03\/group-friends-eating-together-scaled.jpg","episode_player_image":"https:\/\/www.scuadra.com.br\/blog\/wp-content\/plugins\/seriously-simple-podcasting\/assets\/images\/no-album-art.png","download_link":"","player_link":"","audio_player":false,"episode_data":{"playerMode":"dark","subscribeUrls":{"apple_podcasts":{"key":"apple_podcasts","url":"","label":"Apple Podcasts","class":"apple_podcasts","icon":"apple-podcasts.png"},"stitcher":{"key":"stitcher","url":"","label":"Stitcher","class":"stitcher","icon":"stitcher.png"},"google_podcasts":{"key":"google_podcasts","url":"","label":"Google Podcasts","class":"google_podcasts","icon":"google-podcasts.png"},"spotify":{"key":"spotify","url":"","label":"Spotify","class":"spotify","icon":"spotify.png"}},"rssFeedUrl":"https:\/\/www.scuadra.com.br\/blog\/feed\/podcast\/podcast-scuadra","embedCode":"<blockquote class=\"wp-embedded-content\" data-secret=\"9wZU4yX9h3\"><a href=\"https:\/\/www.scuadra.com.br\/blog\/como-e-o-comportamento-do-consumidor-brasileiro-na-alimentacao-fora-de-casa\/\">Como \u00e9 o comportamento do consumidor brasileiro na alimenta\u00e7\u00e3o fora de casa?<\/a><\/blockquote><iframe sandbox=\"allow-scripts\" security=\"restricted\" src=\"https:\/\/www.scuadra.com.br\/blog\/como-e-o-comportamento-do-consumidor-brasileiro-na-alimentacao-fora-de-casa\/embed\/#?secret=9wZU4yX9h3\" width=\"500\" height=\"350\" title=\"&#8220;Como \u00e9 o comportamento do consumidor brasileiro na alimenta\u00e7\u00e3o fora de casa?&#8221; &#8212; Embalagens diferenciadas e personalizadas | Scuadra\" data-secret=\"9wZU4yX9h3\" frameborder=\"0\" marginwidth=\"0\" marginheight=\"0\" scrolling=\"no\" class=\"wp-embedded-content\"><\/iframe><script type=\"text\/javascript\">\n\/*! This file is auto-generated *\/\n!function(c,d){\"use strict\";var e=!1,o=!1;if(d.querySelector)if(c.addEventListener)e=!0;if(c.wp=c.wp||{},c.wp.receiveEmbedMessage);else if(c.wp.receiveEmbedMessage=function(e){var t=e.data;if(!t);else if(!(t.secret||t.message||t.value));else if(\/[^a-zA-Z0-9]\/.test(t.secret));else{for(var r,s,a,i=d.querySelectorAll('iframe[data-secret=\"'+t.secret+'\"]'),n=d.querySelectorAll('blockquote[data-secret=\"'+t.secret+'\"]'),o=new RegExp(\"^https?:$\",\"i\"),l=0;l<n.length;l++)n[l].style.display=\"none\";for(l=0;l<i.length;l++)if(r=i[l],e.source!==r.contentWindow);else{if(r.removeAttribute(\"style\"),\"height\"===t.message){if(1e3<(s=parseInt(t.value,10)))s=1e3;else if(~~s<200)s=200;r.height=s}if(\"link\"===t.message)if(s=d.createElement(\"a\"),a=d.createElement(\"a\"),s.href=r.getAttribute(\"src\"),a.href=t.value,!o.test(a.protocol));else if(a.host===s.host)if(d.activeElement===r)c.top.location.href=t.value}}},e)c.addEventListener(\"message\",c.wp.receiveEmbedMessage,!1),d.addEventListener(\"DOMContentLoaded\",t,!1),c.addEventListener(\"load\",t,!1);function t(){if(o);else{o=!0;for(var e,t,r,s=-1!==navigator.appVersion.indexOf(\"MSIE 10\"),a=!!navigator.userAgent.match(\/Trident.*rv:11\\.\/),i=d.querySelectorAll(\"iframe.wp-embedded-content\"),n=0;n<i.length;n++){if(!(r=(t=i[n]).getAttribute(\"data-secret\")))r=Math.random().toString(36).substr(2,10),t.src+=\"#?secret=\"+r,t.setAttribute(\"data-secret\",r);if(s||a)(e=t.cloneNode(!0)).removeAttribute(\"security\"),t.parentNode.replaceChild(e,t);t.contentWindow.postMessage({message:\"ready\",secret:r},\"*\")}}}}(window,document);\n<\/script>\n"},"yoast_head":"<!-- This site is optimized with the Yoast SEO Premium plugin v20.12 (Yoast SEO v20.12) - https:\/\/yoast.com\/wordpress\/plugins\/seo\/ -->\n<title>Como \u00e9 o comportamento do consumidor brasileiro na alimenta\u00e7\u00e3o fora de casa?<\/title>\n<meta name=\"description\" content=\"Tra\u00e7amos uma vis\u00e3o geral sobre o comportamento do consumidor brasileiro em rela\u00e7\u00e3o a alimenta\u00e7\u00e3o fora de casa.\" \/>\n<meta name=\"robots\" content=\"index, follow, max-snippet:-1, max-image-preview:large, max-video-preview:-1\" \/>\n<link rel=\"canonical\" href=\"https:\/\/www.scuadra.com.br\/blog\/como-e-o-comportamento-do-consumidor-brasileiro-na-alimentacao-fora-de-casa\/\" \/>\n<meta property=\"og:locale\" content=\"pt_BR\" \/>\n<meta property=\"og:type\" content=\"article\" \/>\n<meta property=\"og:title\" content=\"Como \u00e9 o comportamento do consumidor brasileiro na alimenta\u00e7\u00e3o fora de casa?\" \/>\n<meta property=\"og:description\" content=\"Tra\u00e7amos uma vis\u00e3o geral sobre o comportamento do consumidor brasileiro em rela\u00e7\u00e3o a alimenta\u00e7\u00e3o fora de casa.\" \/>\n<meta property=\"og:url\" content=\"https:\/\/www.scuadra.com.br\/blog\/como-e-o-comportamento-do-consumidor-brasileiro-na-alimentacao-fora-de-casa\/\" \/>\n<meta property=\"og:site_name\" content=\"Embalagens diferenciadas e personalizadas | Scuadra\" \/>\n<meta property=\"article:publisher\" content=\"https:\/\/www.facebook.com\/scuadraembalagens\" \/>\n<meta property=\"article:published_time\" content=\"2018-03-15T15:48:20+00:00\" \/>\n<meta property=\"article:modified_time\" content=\"2022-03-11T11:33:04+00:00\" \/>\n<meta property=\"og:image\" content=\"https:\/\/www.scuadra.com.br\/blog\/wp-content\/uploads\/2018\/03\/group-friends-eating-together-scaled.jpg\" \/>\n\t<meta property=\"og:image:width\" content=\"2560\" \/>\n\t<meta property=\"og:image:height\" content=\"1709\" \/>\n\t<meta property=\"og:image:type\" content=\"image\/jpeg\" \/>\n<meta name=\"author\" content=\"Scuadra\" \/>\n<meta name=\"twitter:card\" content=\"summary_large_image\" \/>\n<meta name=\"twitter:creator\" content=\"@scuadraembalage\" \/>\n<meta name=\"twitter:site\" content=\"@scuadraembalage\" \/>\n<meta name=\"twitter:label1\" content=\"Escrito por\" \/>\n\t<meta name=\"twitter:data1\" content=\"Scuadra\" \/>\n\t<meta name=\"twitter:label2\" content=\"Est. tempo de leitura\" \/>\n\t<meta name=\"twitter:data2\" content=\"4 minutos\" \/>\n<script type=\"application\/ld+json\" class=\"yoast-schema-graph\">{\"@context\":\"https:\/\/schema.org\",\"@graph\":[{\"@type\":\"Article\",\"@id\":\"https:\/\/www.scuadra.com.br\/blog\/como-e-o-comportamento-do-consumidor-brasileiro-na-alimentacao-fora-de-casa\/#article\",\"isPartOf\":{\"@id\":\"https:\/\/www.scuadra.com.br\/blog\/como-e-o-comportamento-do-consumidor-brasileiro-na-alimentacao-fora-de-casa\/\"},\"author\":{\"name\":\"Scuadra\",\"@id\":\"https:\/\/www.scuadra.com.br\/blog\/#\/schema\/person\/4ce2a1a7447fa15541ca415fe088ad85\"},\"headline\":\"Como \u00e9 o comportamento do consumidor brasileiro na alimenta\u00e7\u00e3o fora de casa?\",\"datePublished\":\"2018-03-15T15:48:20+00:00\",\"dateModified\":\"2022-03-11T11:33:04+00:00\",\"mainEntityOfPage\":{\"@id\":\"https:\/\/www.scuadra.com.br\/blog\/como-e-o-comportamento-do-consumidor-brasileiro-na-alimentacao-fora-de-casa\/\"},\"wordCount\":628,\"commentCount\":0,\"publisher\":{\"@id\":\"https:\/\/www.scuadra.com.br\/blog\/#organization\"},\"keywords\":[\"food service\"],\"articleSection\":[\"Food Service\"],\"inLanguage\":\"pt-BR\",\"potentialAction\":[{\"@type\":\"CommentAction\",\"name\":\"Comment\",\"target\":[\"https:\/\/www.scuadra.com.br\/blog\/como-e-o-comportamento-do-consumidor-brasileiro-na-alimentacao-fora-de-casa\/#respond\"]}]},{\"@type\":\"WebPage\",\"@id\":\"https:\/\/www.scuadra.com.br\/blog\/como-e-o-comportamento-do-consumidor-brasileiro-na-alimentacao-fora-de-casa\/\",\"url\":\"https:\/\/www.scuadra.com.br\/blog\/como-e-o-comportamento-do-consumidor-brasileiro-na-alimentacao-fora-de-casa\/\",\"name\":\"Como \u00e9 o comportamento do consumidor brasileiro na alimenta\u00e7\u00e3o fora de casa?\",\"isPartOf\":{\"@id\":\"https:\/\/www.scuadra.com.br\/blog\/#website\"},\"datePublished\":\"2018-03-15T15:48:20+00:00\",\"dateModified\":\"2022-03-11T11:33:04+00:00\",\"description\":\"Tra\u00e7amos uma vis\u00e3o geral sobre o comportamento do consumidor brasileiro em rela\u00e7\u00e3o a alimenta\u00e7\u00e3o fora de casa.\",\"breadcrumb\":{\"@id\":\"https:\/\/www.scuadra.com.br\/blog\/como-e-o-comportamento-do-consumidor-brasileiro-na-alimentacao-fora-de-casa\/#breadcrumb\"},\"inLanguage\":\"pt-BR\",\"potentialAction\":[{\"@type\":\"ReadAction\",\"target\":[\"https:\/\/www.scuadra.com.br\/blog\/como-e-o-comportamento-do-consumidor-brasileiro-na-alimentacao-fora-de-casa\/\"]}]},{\"@type\":\"BreadcrumbList\",\"@id\":\"https:\/\/www.scuadra.com.br\/blog\/como-e-o-comportamento-do-consumidor-brasileiro-na-alimentacao-fora-de-casa\/#breadcrumb\",\"itemListElement\":[{\"@type\":\"ListItem\",\"position\":1,\"name\":\"In\u00edcio\",\"item\":\"https:\/\/www.scuadra.com.br\/blog\/\"},{\"@type\":\"ListItem\",\"position\":2,\"name\":\"Como \u00e9 o comportamento do consumidor brasileiro na alimenta\u00e7\u00e3o fora de casa?\"}]},{\"@type\":\"WebSite\",\"@id\":\"https:\/\/www.scuadra.com.br\/blog\/#website\",\"url\":\"https:\/\/www.scuadra.com.br\/blog\/\",\"name\":\"Embalagens diferenciadas e personalizadas | Blog da Scuadra\",\"description\":\"Solu&ccedil;&otilde;es criativas e inovadoras no desenvolvimento de embalagens diferenciadas e personalizadas, que agreguem valor ao seu produto no ponto de venda.\",\"publisher\":{\"@id\":\"https:\/\/www.scuadra.com.br\/blog\/#organization\"},\"potentialAction\":[{\"@type\":\"SearchAction\",\"target\":{\"@type\":\"EntryPoint\",\"urlTemplate\":\"https:\/\/www.scuadra.com.br\/blog\/?s={search_term_string}\"},\"query-input\":\"required name=search_term_string\"}],\"inLanguage\":\"pt-BR\"},{\"@type\":\"Organization\",\"@id\":\"https:\/\/www.scuadra.com.br\/blog\/#organization\",\"name\":\"Scuadra Embalagens Diferenciadas Ind. e Com. Ltda\",\"url\":\"https:\/\/www.scuadra.com.br\/blog\/\",\"logo\":{\"@type\":\"ImageObject\",\"inLanguage\":\"pt-BR\",\"@id\":\"https:\/\/www.scuadra.com.br\/blog\/#\/schema\/logo\/image\/\",\"url\":\"https:\/\/www.scuadra.com.br\/blog\/wp-content\/uploads\/2016\/10\/SCUADRA_NOVO.png\",\"contentUrl\":\"https:\/\/www.scuadra.com.br\/blog\/wp-content\/uploads\/2016\/10\/SCUADRA_NOVO.png\",\"width\":400,\"height\":400,\"caption\":\"Scuadra Embalagens Diferenciadas Ind. e Com. Ltda\"},\"image\":{\"@id\":\"https:\/\/www.scuadra.com.br\/blog\/#\/schema\/logo\/image\/\"},\"sameAs\":[\"https:\/\/www.facebook.com\/scuadraembalagens\",\"https:\/\/twitter.com\/scuadraembalage\",\"https:\/\/www.instagram.com\/scuadraembalagens\/\",\"https:\/\/www.linkedin.com\/company\/scuadra-manuseio-e-kits-promocionais-ltda\",\"https:\/\/www.pinterest.com\/scuadraembalage\"]},{\"@type\":\"Person\",\"@id\":\"https:\/\/www.scuadra.com.br\/blog\/#\/schema\/person\/4ce2a1a7447fa15541ca415fe088ad85\",\"name\":\"Scuadra\",\"image\":{\"@type\":\"ImageObject\",\"inLanguage\":\"pt-BR\",\"@id\":\"https:\/\/www.scuadra.com.br\/blog\/#\/schema\/person\/image\/\",\"url\":\"https:\/\/www.scuadra.com.br\/blog\/wp-content\/uploads\/2017\/01\/logo_scuadra_v16-150x150.png\",\"contentUrl\":\"https:\/\/www.scuadra.com.br\/blog\/wp-content\/uploads\/2017\/01\/logo_scuadra_v16-150x150.png\",\"caption\":\"Scuadra\"},\"description\":\"Embalagens personalizadas para empresas que tenham inova\u00e7\u00e3o em seu DNA.\",\"url\":\"https:\/\/www.scuadra.com.br\/blog\/author\/scuadra\/\"}]}<\/script>\n<!-- \/ Yoast SEO Premium plugin. -->","yoast_head_json":{"title":"Como \u00e9 o comportamento do consumidor brasileiro na alimenta\u00e7\u00e3o fora de casa?","description":"Tra\u00e7amos uma vis\u00e3o geral sobre o comportamento do consumidor brasileiro em rela\u00e7\u00e3o a alimenta\u00e7\u00e3o fora de casa.","robots":{"index":"index","follow":"follow","max-snippet":"max-snippet:-1","max-image-preview":"max-image-preview:large","max-video-preview":"max-video-preview:-1"},"canonical":"https:\/\/www.scuadra.com.br\/blog\/como-e-o-comportamento-do-consumidor-brasileiro-na-alimentacao-fora-de-casa\/","og_locale":"pt_BR","og_type":"article","og_title":"Como \u00e9 o comportamento do consumidor brasileiro na alimenta\u00e7\u00e3o fora de casa?","og_description":"Tra\u00e7amos uma vis\u00e3o geral sobre o comportamento do consumidor brasileiro em rela\u00e7\u00e3o a alimenta\u00e7\u00e3o fora de casa.","og_url":"https:\/\/www.scuadra.com.br\/blog\/como-e-o-comportamento-do-consumidor-brasileiro-na-alimentacao-fora-de-casa\/","og_site_name":"Embalagens diferenciadas e personalizadas | Scuadra","article_publisher":"https:\/\/www.facebook.com\/scuadraembalagens","article_published_time":"2018-03-15T15:48:20+00:00","article_modified_time":"2022-03-11T11:33:04+00:00","og_image":[{"width":2560,"height":1709,"url":"https:\/\/www.scuadra.com.br\/blog\/wp-content\/uploads\/2018\/03\/group-friends-eating-together-scaled.jpg","type":"image\/jpeg"}],"author":"Scuadra","twitter_card":"summary_large_image","twitter_creator":"@scuadraembalage","twitter_site":"@scuadraembalage","twitter_misc":{"Escrito por":"Scuadra","Est. tempo de leitura":"4 minutos"},"schema":{"@context":"https:\/\/schema.org","@graph":[{"@type":"Article","@id":"https:\/\/www.scuadra.com.br\/blog\/como-e-o-comportamento-do-consumidor-brasileiro-na-alimentacao-fora-de-casa\/#article","isPartOf":{"@id":"https:\/\/www.scuadra.com.br\/blog\/como-e-o-comportamento-do-consumidor-brasileiro-na-alimentacao-fora-de-casa\/"},"author":{"name":"Scuadra","@id":"https:\/\/www.scuadra.com.br\/blog\/#\/schema\/person\/4ce2a1a7447fa15541ca415fe088ad85"},"headline":"Como \u00e9 o comportamento do consumidor brasileiro na alimenta\u00e7\u00e3o fora de casa?","datePublished":"2018-03-15T15:48:20+00:00","dateModified":"2022-03-11T11:33:04+00:00","mainEntityOfPage":{"@id":"https:\/\/www.scuadra.com.br\/blog\/como-e-o-comportamento-do-consumidor-brasileiro-na-alimentacao-fora-de-casa\/"},"wordCount":628,"commentCount":0,"publisher":{"@id":"https:\/\/www.scuadra.com.br\/blog\/#organization"},"keywords":["food service"],"articleSection":["Food Service"],"inLanguage":"pt-BR","potentialAction":[{"@type":"CommentAction","name":"Comment","target":["https:\/\/www.scuadra.com.br\/blog\/como-e-o-comportamento-do-consumidor-brasileiro-na-alimentacao-fora-de-casa\/#respond"]}]},{"@type":"WebPage","@id":"https:\/\/www.scuadra.com.br\/blog\/como-e-o-comportamento-do-consumidor-brasileiro-na-alimentacao-fora-de-casa\/","url":"https:\/\/www.scuadra.com.br\/blog\/como-e-o-comportamento-do-consumidor-brasileiro-na-alimentacao-fora-de-casa\/","name":"Como \u00e9 o comportamento do consumidor brasileiro na alimenta\u00e7\u00e3o fora de casa?","isPartOf":{"@id":"https:\/\/www.scuadra.com.br\/blog\/#website"},"datePublished":"2018-03-15T15:48:20+00:00","dateModified":"2022-03-11T11:33:04+00:00","description":"Tra\u00e7amos uma vis\u00e3o geral sobre o comportamento do consumidor brasileiro em rela\u00e7\u00e3o a alimenta\u00e7\u00e3o fora de casa.","breadcrumb":{"@id":"https:\/\/www.scuadra.com.br\/blog\/como-e-o-comportamento-do-consumidor-brasileiro-na-alimentacao-fora-de-casa\/#breadcrumb"},"inLanguage":"pt-BR","potentialAction":[{"@type":"ReadAction","target":["https:\/\/www.scuadra.com.br\/blog\/como-e-o-comportamento-do-consumidor-brasileiro-na-alimentacao-fora-de-casa\/"]}]},{"@type":"BreadcrumbList","@id":"https:\/\/www.scuadra.com.br\/blog\/como-e-o-comportamento-do-consumidor-brasileiro-na-alimentacao-fora-de-casa\/#breadcrumb","itemListElement":[{"@type":"ListItem","position":1,"name":"In\u00edcio","item":"https:\/\/www.scuadra.com.br\/blog\/"},{"@type":"ListItem","position":2,"name":"Como \u00e9 o comportamento do consumidor brasileiro na alimenta\u00e7\u00e3o fora de casa?"}]},{"@type":"WebSite","@id":"https:\/\/www.scuadra.com.br\/blog\/#website","url":"https:\/\/www.scuadra.com.br\/blog\/","name":"Embalagens diferenciadas e personalizadas | Blog da Scuadra","description":"Solu&ccedil;&otilde;es criativas e inovadoras no desenvolvimento de embalagens diferenciadas e personalizadas, que agreguem valor ao seu produto no ponto de venda.","publisher":{"@id":"https:\/\/www.scuadra.com.br\/blog\/#organization"},"potentialAction":[{"@type":"SearchAction","target":{"@type":"EntryPoint","urlTemplate":"https:\/\/www.scuadra.com.br\/blog\/?s={search_term_string}"},"query-input":"required name=search_term_string"}],"inLanguage":"pt-BR"},{"@type":"Organization","@id":"https:\/\/www.scuadra.com.br\/blog\/#organization","name":"Scuadra Embalagens Diferenciadas Ind. e Com. Ltda","url":"https:\/\/www.scuadra.com.br\/blog\/","logo":{"@type":"ImageObject","inLanguage":"pt-BR","@id":"https:\/\/www.scuadra.com.br\/blog\/#\/schema\/logo\/image\/","url":"https:\/\/www.scuadra.com.br\/blog\/wp-content\/uploads\/2016\/10\/SCUADRA_NOVO.png","contentUrl":"https:\/\/www.scuadra.com.br\/blog\/wp-content\/uploads\/2016\/10\/SCUADRA_NOVO.png","width":400,"height":400,"caption":"Scuadra Embalagens Diferenciadas Ind. e Com. Ltda"},"image":{"@id":"https:\/\/www.scuadra.com.br\/blog\/#\/schema\/logo\/image\/"},"sameAs":["https:\/\/www.facebook.com\/scuadraembalagens","https:\/\/twitter.com\/scuadraembalage","https:\/\/www.instagram.com\/scuadraembalagens\/","https:\/\/www.linkedin.com\/company\/scuadra-manuseio-e-kits-promocionais-ltda","https:\/\/www.pinterest.com\/scuadraembalage"]},{"@type":"Person","@id":"https:\/\/www.scuadra.com.br\/blog\/#\/schema\/person\/4ce2a1a7447fa15541ca415fe088ad85","name":"Scuadra","image":{"@type":"ImageObject","inLanguage":"pt-BR","@id":"https:\/\/www.scuadra.com.br\/blog\/#\/schema\/person\/image\/","url":"https:\/\/www.scuadra.com.br\/blog\/wp-content\/uploads\/2017\/01\/logo_scuadra_v16-150x150.png","contentUrl":"https:\/\/www.scuadra.com.br\/blog\/wp-content\/uploads\/2017\/01\/logo_scuadra_v16-150x150.png","caption":"Scuadra"},"description":"Embalagens personalizadas para empresas que tenham inova\u00e7\u00e3o em seu DNA.","url":"https:\/\/www.scuadra.com.br\/blog\/author\/scuadra\/"}]}},"_links":{"self":[{"href":"https:\/\/www.scuadra.com.br\/blog\/wp-json\/wp\/v2\/posts\/3303"}],"collection":[{"href":"https:\/\/www.scuadra.com.br\/blog\/wp-json\/wp\/v2\/posts"}],"about":[{"href":"https:\/\/www.scuadra.com.br\/blog\/wp-json\/wp\/v2\/types\/post"}],"author":[{"embeddable":true,"href":"https:\/\/www.scuadra.com.br\/blog\/wp-json\/wp\/v2\/users\/3"}],"replies":[{"embeddable":true,"href":"https:\/\/www.scuadra.com.br\/blog\/wp-json\/wp\/v2\/comments?post=3303"}],"version-history":[{"count":5,"href":"https:\/\/www.scuadra.com.br\/blog\/wp-json\/wp\/v2\/posts\/3303\/revisions"}],"predecessor-version":[{"id":9780,"href":"https:\/\/www.scuadra.com.br\/blog\/wp-json\/wp\/v2\/posts\/3303\/revisions\/9780"}],"wp:featuredmedia":[{"embeddable":true,"href":"https:\/\/www.scuadra.com.br\/blog\/wp-json\/wp\/v2\/media\/8678"}],"wp:attachment":[{"href":"https:\/\/www.scuadra.com.br\/blog\/wp-json\/wp\/v2\/media?parent=3303"}],"wp:term":[{"taxonomy":"category","embeddable":true,"href":"https:\/\/www.scuadra.com.br\/blog\/wp-json\/wp\/v2\/categories?post=3303"},{"taxonomy":"post_tag","embeddable":true,"href":"https:\/\/www.scuadra.com.br\/blog\/wp-json\/wp\/v2\/tags?post=3303"},{"taxonomy":"series","embeddable":true,"href":"https:\/\/www.scuadra.com.br\/blog\/wp-json\/wp\/v2\/series?post=3303"}],"curies":[{"name":"wp","href":"https:\/\/api.w.org\/{rel}","templated":true}]}}