{"id":5983,"date":"2025-08-11T10:43:00","date_gmt":"2025-08-11T13:43:00","guid":{"rendered":"https:\/\/www.scuadra.com.br\/blog\/?p=5983"},"modified":"2025-08-11T11:41:44","modified_gmt":"2025-08-11T14:41:44","slug":"embalagem-para-paes-e-doces","status":"publish","type":"post","link":"https:\/\/www.scuadra.com.br\/blog\/embalagem-para-paes-e-doces\/","title":{"rendered":"Confira o tipo ideal de embalagem para p\u00e3es e doces"},"content":{"rendered":"<p data-start=\"345\" data-end=\"815\">Padarias, docerias e outras lojas gastron\u00f4micas sabem que a apresenta\u00e7\u00e3o de seus produtos \u00e9 parte essencial da experi\u00eancia do cliente. Afinal, a embalagem n\u00e3o apenas protege os alimentos, como tamb\u00e9m influencia diretamente a decis\u00e3o de compra. No segmento de embalagem para p\u00e3es e doces, torna-se cada vez mais importante acompanhar as tend\u00eancias de consumo e as novas legisla\u00e7\u00f5es, que v\u00eam eliminando o uso de materiais pl\u00e1sticos e de isopor em diversas regi\u00f5es do pa\u00eds.<\/p>\n<p data-start=\"817\" data-end=\"1258\">Neste artigo, voc\u00ea vai descobrir como a embalagem ideal pode impactar positivamente as vendas, fortalecer o posicionamento da marca e agregar valor percebido pelo consumidor. Al\u00e9m disso, apresentaremos dicas pr\u00e1ticas para alinhar a escolha da embalagem \u00e0s prefer\u00eancias do seu p\u00fablico \u2013 seja na loja f\u00edsica, seja no delivery. Continue a leitura e entenda como transformar suas embalagens em uma poderosa ferramenta de marketing e fideliza\u00e7\u00e3o.<\/p>\n<h3 data-start=\"1260\" data-end=\"1334\">A import\u00e2ncia da embalagem sustent\u00e1vel em panificadoras e confeitarias<\/h3>\n<p data-start=\"1336\" data-end=\"1658\">Nos \u00faltimos anos, diversas cidades brasileiras \u2013 como S\u00e3o Paulo \u2013 passaram a proibir o uso de utens\u00edlios e embalagens pl\u00e1sticas em estabelecimentos aliment\u00edcios, incluindo os servi\u00e7os de entrega. Essa medida acompanha uma tend\u00eancia global voltada ao consumo consciente, \u00e0 sustentabilidade e \u00e0 redu\u00e7\u00e3o do impacto ambiental.<\/p>\n<p data-start=\"1660\" data-end=\"2106\">Diante disso, embalagens de papel e papel\u00e3o se destacam como alternativas inteligentes e alinhadas com o novo perfil do consumidor. Al\u00e9m de ecologicamente corretas, elas transmitem uma imagem de responsabilidade e cuidado, agregando valor \u00e0 marca. Portanto, ao optar por caixas de papel personalizadas para <a href=\"https:\/\/www.scuadra.com.br\/blog\/embalagens-para-delivery-de-paes-artesanais-e-doces-de-padaria-inovacao-que-valoriza\/\">delivery de p\u00e3es e doces<\/a>, voc\u00ea n\u00e3o apenas atende \u00e0 legisla\u00e7\u00e3o vigente, mas tamb\u00e9m fortalece o v\u00ednculo com clientes que valorizam empresas sustent\u00e1veis.<\/p>\n<h3 data-start=\"2108\" data-end=\"2164\">Tend\u00eancias de design em embalagens para p\u00e3es e doces<\/h3>\n<p data-start=\"2166\" data-end=\"2589\">Com o aumento da concorr\u00eancia no setor aliment\u00edcio, destacar-se na vitrine ou no delivery \u00e9 essencial. Nesse sentido, o design da embalagem assume um papel de protagonismo. Hoje, o minimalismo continua em alta \u2013 linhas limpas, cores suaves e eleg\u00e2ncia sutil dominam as prateleiras. Contudo, para marcas mais ousadas, padr\u00f5es vibrantes e ilustra\u00e7\u00f5es personalizadas podem refor\u00e7ar a identidade visual e atrair novos p\u00fablicos.<\/p>\n<p data-start=\"2591\" data-end=\"2870\">Outro recurso estrat\u00e9gico \u00e9 a transpar\u00eancia parcial nas embalagens. Janelas em acetato ou aberturas bem posicionadas permitem que o consumidor visualize a qualidade dos produtos antes mesmo da compra. Isso \u00e9 especialmente eficaz para doces finos, p\u00e3es artesanais e itens premium.<\/p>\n<h3 data-start=\"2872\" data-end=\"2931\">Funcionalidade: quando a embalagem vai al\u00e9m da est\u00e9tica<\/h3>\n<p data-start=\"2933\" data-end=\"3182\">\u00c9 claro que beleza n\u00e3o \u00e9 tudo. As embalagens para p\u00e3es, bombons, trufas e outros doces tamb\u00e9m precisam ser pr\u00e1ticas e funcionais. Por isso, caracter\u00edsticas como f\u00e1cil manuseio, fechamento seguro e resist\u00eancia durante o transporte s\u00e3o indispens\u00e1veis.<\/p>\n<p data-start=\"3184\" data-end=\"3534\">Atualmente, muitas confeiteiras e padarias t\u00eam apostado em solu\u00e7\u00f5es inteligentes, como divis\u00f3rias internas ajust\u00e1veis e travas de seguran\u00e7a. Essas inova\u00e7\u00f5es facilitam o transporte de produtos delicados, minimizando riscos de avarias e melhorando a apresenta\u00e7\u00e3o final. Ou seja: investir em funcionalidade \u00e9 investir em satisfa\u00e7\u00e3o e retorno do cliente.<\/p>\n<p><img fetchpriority=\"high\" decoding=\"async\" class=\"size-full wp-image-12960\" src=\"https:\/\/www.scuadra.com.br\/blog\/wp-content\/uploads\/2025\/07\/Embalagens-para-paes-e-doces_-o-que-considerar_-visual-selection.png\" alt=\"Embalagens para p\u00e3es e doces\" width=\"648\" height=\"798\" srcset=\"https:\/\/www.scuadra.com.br\/blog\/wp-content\/uploads\/2025\/07\/Embalagens-para-paes-e-doces_-o-que-considerar_-visual-selection.png 648w, https:\/\/www.scuadra.com.br\/blog\/wp-content\/uploads\/2025\/07\/Embalagens-para-paes-e-doces_-o-que-considerar_-visual-selection-244x300.png 244w\" sizes=\"(max-width: 648px) 100vw, 648px\" \/><\/p>\n<h3 data-start=\"3536\" data-end=\"3595\">Embalagens personalizadas: valor agregado e fideliza\u00e7\u00e3o<\/h3>\n<p data-start=\"3597\" data-end=\"3891\">A personaliza\u00e7\u00e3o \u00e9 uma tend\u00eancia que veio para ficar. Ao personalizar embalagens com logotipos, mensagens sazonais ou at\u00e9 nomes dos clientes, voc\u00ea transforma o ato da compra em uma experi\u00eancia afetiva. Mais do que apenas um produto, o cliente leva para casa uma lembran\u00e7a marcante da sua marca.<\/p>\n<p data-start=\"3893\" data-end=\"4110\">Al\u00e9m disso, a personaliza\u00e7\u00e3o pode ser utilizada estrategicamente em datas comemorativas, como P\u00e1scoa, Natal ou Dia das M\u00e3es. Essa aten\u00e7\u00e3o ao detalhe aumenta as chances de recompra e impulsiona o marketing boca a boca.<\/p>\n<h3 data-start=\"4112\" data-end=\"4161\">A escolha estrat\u00e9gica da embalagem<\/h3>\n<p data-start=\"4163\" data-end=\"4455\">Em resumo, a embalagem para p\u00e3es e doces \u00e9 uma extens\u00e3o da identidade do seu neg\u00f3cio. Mais do que proteger, ela comunica, fideliza e diferencia sua marca no mercado. Portanto, investir em embalagens de qualidade, sustent\u00e1veis e personalizadas n\u00e3o \u00e9 um custo \u2013 \u00e9 uma estrat\u00e9gia de crescimento e <a href=\"https:\/\/www.scuadra.com.br\/blog\/guia-completo-para-aumentar-as-vendas-de-paes-e-doces-nas-datas-festivas\/\">aumento de vendas<\/a>.<\/p>\n<p data-start=\"4457\" data-end=\"4839\">Se voc\u00ea deseja elevar o padr\u00e3o das suas embalagens, conhe\u00e7a as solu\u00e7\u00f5es da <strong data-start=\"4532\" data-end=\"4554\">Scuadra Embalagens<\/strong>. Nossos modelos s\u00e3o desenvolvidos com foco em est\u00e9tica, funcionalidade e sustentabilidade. Para entregas r\u00e1pidas, visite a <a class=\"\" href=\"https:\/\/www.scuadra.com.br\" target=\"_new\" rel=\"noopener\" data-start=\"4678\" data-end=\"4720\">Scuadra Shop<\/a> e confira as op\u00e7\u00f5es dispon\u00edveis. Transforme a forma como voc\u00ea apresenta seus produtos e conquiste ainda mais clientes!<\/p>\n<p>&nbsp;<\/p>\n<p>&nbsp;<\/p>\n<p>&nbsp;<\/p>\n<div style=\"margin-top: 0px; margin-bottom: 0px;\" class=\"sharethis-inline-share-buttons\" ><\/div>","protected":false},"excerpt":{"rendered":"<p>Padarias, docerias e outras lojas gastron\u00f4micas sabem que a apresenta\u00e7\u00e3o de seus produtos \u00e9 parte essencial da experi\u00eancia do cliente. Afinal, a embalagem n\u00e3o apenas protege os alimentos, como tamb\u00e9m influencia diretamente a decis\u00e3o de compra. No segmento de embalagem para p\u00e3es e doces, torna-se cada vez mais importante acompanhar as tend\u00eancias de consumo e [&hellip;]<\/p>\n","protected":false},"author":3,"featured_media":11725,"comment_status":"open","ping_status":"open","sticky":false,"template":"","format":"standard","meta":{"episode_type":"audio","audio_file":"","podmotor_file_id":"","podmotor_episode_id":"","cover_image":"","cover_image_id":"","duration":"","filesize":"","filesize_raw":"","date_recorded":"","explicit":"","block":""},"categories":[17],"tags":[],"series":[39],"episode_featured_image":"https:\/\/www.scuadra.com.br\/blog\/wp-content\/uploads\/2024\/06\/embalagens-para-paes-e-doces.jpg","episode_player_image":"https:\/\/www.scuadra.com.br\/blog\/wp-content\/plugins\/seriously-simple-podcasting\/assets\/images\/no-album-art.png","download_link":"","player_link":"","audio_player":false,"episode_data":{"playerMode":"dark","subscribeUrls":{"apple_podcasts":{"key":"apple_podcasts","url":"","label":"Apple Podcasts","class":"apple_podcasts","icon":"apple-podcasts.png"},"stitcher":{"key":"stitcher","url":"","label":"Stitcher","class":"stitcher","icon":"stitcher.png"},"google_podcasts":{"key":"google_podcasts","url":"","label":"Google Podcasts","class":"google_podcasts","icon":"google-podcasts.png"},"spotify":{"key":"spotify","url":"","label":"Spotify","class":"spotify","icon":"spotify.png"}},"rssFeedUrl":"https:\/\/www.scuadra.com.br\/blog\/feed\/podcast\/podcast-scuadra","embedCode":"<blockquote class=\"wp-embedded-content\" data-secret=\"GzVFXaTdj8\"><a href=\"https:\/\/www.scuadra.com.br\/blog\/embalagem-para-paes-e-doces\/\">Confira o tipo ideal de embalagem para p\u00e3es e doces<\/a><\/blockquote><iframe sandbox=\"allow-scripts\" security=\"restricted\" src=\"https:\/\/www.scuadra.com.br\/blog\/embalagem-para-paes-e-doces\/embed\/#?secret=GzVFXaTdj8\" width=\"500\" height=\"350\" title=\"&#8220;Confira o tipo ideal de embalagem para p\u00e3es e doces&#8221; &#8212; Embalagens diferenciadas e personalizadas | Scuadra\" data-secret=\"GzVFXaTdj8\" frameborder=\"0\" marginwidth=\"0\" marginheight=\"0\" scrolling=\"no\" class=\"wp-embedded-content\"><\/iframe><script type=\"text\/javascript\">\n\/*! This file is auto-generated *\/\n!function(c,d){\"use strict\";var e=!1,o=!1;if(d.querySelector)if(c.addEventListener)e=!0;if(c.wp=c.wp||{},c.wp.receiveEmbedMessage);else if(c.wp.receiveEmbedMessage=function(e){var t=e.data;if(!t);else if(!(t.secret||t.message||t.value));else if(\/[^a-zA-Z0-9]\/.test(t.secret));else{for(var r,s,a,i=d.querySelectorAll('iframe[data-secret=\"'+t.secret+'\"]'),n=d.querySelectorAll('blockquote[data-secret=\"'+t.secret+'\"]'),o=new RegExp(\"^https?:$\",\"i\"),l=0;l<n.length;l++)n[l].style.display=\"none\";for(l=0;l<i.length;l++)if(r=i[l],e.source!==r.contentWindow);else{if(r.removeAttribute(\"style\"),\"height\"===t.message){if(1e3<(s=parseInt(t.value,10)))s=1e3;else if(~~s<200)s=200;r.height=s}if(\"link\"===t.message)if(s=d.createElement(\"a\"),a=d.createElement(\"a\"),s.href=r.getAttribute(\"src\"),a.href=t.value,!o.test(a.protocol));else if(a.host===s.host)if(d.activeElement===r)c.top.location.href=t.value}}},e)c.addEventListener(\"message\",c.wp.receiveEmbedMessage,!1),d.addEventListener(\"DOMContentLoaded\",t,!1),c.addEventListener(\"load\",t,!1);function t(){if(o);else{o=!0;for(var e,t,r,s=-1!==navigator.appVersion.indexOf(\"MSIE 10\"),a=!!navigator.userAgent.match(\/Trident.*rv:11\\.\/),i=d.querySelectorAll(\"iframe.wp-embedded-content\"),n=0;n<i.length;n++){if(!(r=(t=i[n]).getAttribute(\"data-secret\")))r=Math.random().toString(36).substr(2,10),t.src+=\"#?secret=\"+r,t.setAttribute(\"data-secret\",r);if(s||a)(e=t.cloneNode(!0)).removeAttribute(\"security\"),t.parentNode.replaceChild(e,t);t.contentWindow.postMessage({message:\"ready\",secret:r},\"*\")}}}}(window,document);\n<\/script>\n"},"yoast_head":"<!-- This site is optimized with the Yoast SEO Premium plugin v20.12 (Yoast SEO v20.12) - https:\/\/yoast.com\/wordpress\/plugins\/seo\/ -->\n<title>Confira o tipo ideal de embalagem para p\u00e3es e doces<\/title>\n<meta name=\"description\" content=\"Descubra o tipo ideal de embalagem para p\u00e3es e doces, com foco em sustentabilidade, design e fideliza\u00e7\u00e3o de clientes.\" \/>\n<meta name=\"robots\" content=\"index, follow, max-snippet:-1, max-image-preview:large, max-video-preview:-1\" \/>\n<link rel=\"canonical\" href=\"https:\/\/www.scuadra.com.br\/blog\/embalagem-para-paes-e-doces\/\" \/>\n<meta property=\"og:locale\" content=\"pt_BR\" \/>\n<meta property=\"og:type\" content=\"article\" \/>\n<meta property=\"og:title\" content=\"Confira o tipo ideal de embalagem para p\u00e3es e doces\" \/>\n<meta property=\"og:description\" content=\"Descubra o tipo ideal de embalagem para p\u00e3es e doces, com foco em sustentabilidade, design e fideliza\u00e7\u00e3o de clientes.\" \/>\n<meta property=\"og:url\" content=\"https:\/\/www.scuadra.com.br\/blog\/embalagem-para-paes-e-doces\/\" \/>\n<meta property=\"og:site_name\" content=\"Embalagens diferenciadas e personalizadas | Scuadra\" \/>\n<meta property=\"article:publisher\" content=\"https:\/\/www.facebook.com\/scuadraembalagens\" \/>\n<meta property=\"article:published_time\" content=\"2025-08-11T13:43:00+00:00\" \/>\n<meta property=\"article:modified_time\" content=\"2025-08-11T14:41:44+00:00\" \/>\n<meta property=\"og:image\" content=\"https:\/\/www.scuadra.com.br\/blog\/wp-content\/uploads\/2024\/06\/embalagens-para-paes-e-doces.jpg\" \/>\n\t<meta property=\"og:image:width\" content=\"1200\" \/>\n\t<meta property=\"og:image:height\" content=\"850\" \/>\n\t<meta property=\"og:image:type\" content=\"image\/jpeg\" \/>\n<meta name=\"author\" content=\"Scuadra\" \/>\n<meta name=\"twitter:card\" content=\"summary_large_image\" \/>\n<meta name=\"twitter:creator\" content=\"@scuadraembalage\" \/>\n<meta name=\"twitter:site\" content=\"@scuadraembalage\" \/>\n<meta name=\"twitter:label1\" content=\"Escrito por\" \/>\n\t<meta name=\"twitter:data1\" content=\"Scuadra\" \/>\n\t<meta name=\"twitter:label2\" content=\"Est. tempo de leitura\" \/>\n\t<meta name=\"twitter:data2\" content=\"4 minutos\" \/>\n<script type=\"application\/ld+json\" class=\"yoast-schema-graph\">{\"@context\":\"https:\/\/schema.org\",\"@graph\":[{\"@type\":\"Article\",\"@id\":\"https:\/\/www.scuadra.com.br\/blog\/embalagem-para-paes-e-doces\/#article\",\"isPartOf\":{\"@id\":\"https:\/\/www.scuadra.com.br\/blog\/embalagem-para-paes-e-doces\/\"},\"author\":{\"name\":\"Scuadra\",\"@id\":\"https:\/\/www.scuadra.com.br\/blog\/#\/schema\/person\/4ce2a1a7447fa15541ca415fe088ad85\"},\"headline\":\"Confira o tipo ideal de embalagem para p\u00e3es e doces\",\"datePublished\":\"2025-08-11T13:43:00+00:00\",\"dateModified\":\"2025-08-11T14:41:44+00:00\",\"mainEntityOfPage\":{\"@id\":\"https:\/\/www.scuadra.com.br\/blog\/embalagem-para-paes-e-doces\/\"},\"wordCount\":752,\"commentCount\":0,\"publisher\":{\"@id\":\"https:\/\/www.scuadra.com.br\/blog\/#organization\"},\"articleSection\":[\"Solu\u00e7\u00f5es criativas\"],\"inLanguage\":\"pt-BR\",\"potentialAction\":[{\"@type\":\"CommentAction\",\"name\":\"Comment\",\"target\":[\"https:\/\/www.scuadra.com.br\/blog\/embalagem-para-paes-e-doces\/#respond\"]}]},{\"@type\":\"WebPage\",\"@id\":\"https:\/\/www.scuadra.com.br\/blog\/embalagem-para-paes-e-doces\/\",\"url\":\"https:\/\/www.scuadra.com.br\/blog\/embalagem-para-paes-e-doces\/\",\"name\":\"Confira o tipo ideal de embalagem para p\u00e3es e doces\",\"isPartOf\":{\"@id\":\"https:\/\/www.scuadra.com.br\/blog\/#website\"},\"datePublished\":\"2025-08-11T13:43:00+00:00\",\"dateModified\":\"2025-08-11T14:41:44+00:00\",\"description\":\"Descubra o tipo ideal de embalagem para p\u00e3es e doces, com foco em sustentabilidade, design e fideliza\u00e7\u00e3o de clientes.\",\"breadcrumb\":{\"@id\":\"https:\/\/www.scuadra.com.br\/blog\/embalagem-para-paes-e-doces\/#breadcrumb\"},\"inLanguage\":\"pt-BR\",\"potentialAction\":[{\"@type\":\"ReadAction\",\"target\":[\"https:\/\/www.scuadra.com.br\/blog\/embalagem-para-paes-e-doces\/\"]}]},{\"@type\":\"BreadcrumbList\",\"@id\":\"https:\/\/www.scuadra.com.br\/blog\/embalagem-para-paes-e-doces\/#breadcrumb\",\"itemListElement\":[{\"@type\":\"ListItem\",\"position\":1,\"name\":\"In\u00edcio\",\"item\":\"https:\/\/www.scuadra.com.br\/blog\/\"},{\"@type\":\"ListItem\",\"position\":2,\"name\":\"Confira o tipo ideal de embalagem para p\u00e3es e doces\"}]},{\"@type\":\"WebSite\",\"@id\":\"https:\/\/www.scuadra.com.br\/blog\/#website\",\"url\":\"https:\/\/www.scuadra.com.br\/blog\/\",\"name\":\"Embalagens diferenciadas e personalizadas | Blog da Scuadra\",\"description\":\"Solu&ccedil;&otilde;es criativas e inovadoras no desenvolvimento de embalagens diferenciadas e personalizadas, que agreguem valor ao seu produto no ponto de venda.\",\"publisher\":{\"@id\":\"https:\/\/www.scuadra.com.br\/blog\/#organization\"},\"potentialAction\":[{\"@type\":\"SearchAction\",\"target\":{\"@type\":\"EntryPoint\",\"urlTemplate\":\"https:\/\/www.scuadra.com.br\/blog\/?s={search_term_string}\"},\"query-input\":\"required name=search_term_string\"}],\"inLanguage\":\"pt-BR\"},{\"@type\":\"Organization\",\"@id\":\"https:\/\/www.scuadra.com.br\/blog\/#organization\",\"name\":\"Scuadra Embalagens Diferenciadas Ind. e Com. Ltda\",\"url\":\"https:\/\/www.scuadra.com.br\/blog\/\",\"logo\":{\"@type\":\"ImageObject\",\"inLanguage\":\"pt-BR\",\"@id\":\"https:\/\/www.scuadra.com.br\/blog\/#\/schema\/logo\/image\/\",\"url\":\"https:\/\/www.scuadra.com.br\/blog\/wp-content\/uploads\/2016\/10\/SCUADRA_NOVO.png\",\"contentUrl\":\"https:\/\/www.scuadra.com.br\/blog\/wp-content\/uploads\/2016\/10\/SCUADRA_NOVO.png\",\"width\":400,\"height\":400,\"caption\":\"Scuadra Embalagens Diferenciadas Ind. e Com. Ltda\"},\"image\":{\"@id\":\"https:\/\/www.scuadra.com.br\/blog\/#\/schema\/logo\/image\/\"},\"sameAs\":[\"https:\/\/www.facebook.com\/scuadraembalagens\",\"https:\/\/twitter.com\/scuadraembalage\",\"https:\/\/www.instagram.com\/scuadraembalagens\/\",\"https:\/\/www.linkedin.com\/company\/scuadra-manuseio-e-kits-promocionais-ltda\",\"https:\/\/www.pinterest.com\/scuadraembalage\"]},{\"@type\":\"Person\",\"@id\":\"https:\/\/www.scuadra.com.br\/blog\/#\/schema\/person\/4ce2a1a7447fa15541ca415fe088ad85\",\"name\":\"Scuadra\",\"image\":{\"@type\":\"ImageObject\",\"inLanguage\":\"pt-BR\",\"@id\":\"https:\/\/www.scuadra.com.br\/blog\/#\/schema\/person\/image\/\",\"url\":\"https:\/\/www.scuadra.com.br\/blog\/wp-content\/uploads\/2017\/01\/logo_scuadra_v16-150x150.png\",\"contentUrl\":\"https:\/\/www.scuadra.com.br\/blog\/wp-content\/uploads\/2017\/01\/logo_scuadra_v16-150x150.png\",\"caption\":\"Scuadra\"},\"description\":\"Embalagens personalizadas para empresas que tenham inova\u00e7\u00e3o em seu DNA.\",\"url\":\"https:\/\/www.scuadra.com.br\/blog\/author\/scuadra\/\"}]}<\/script>\n<!-- \/ Yoast SEO Premium plugin. -->","yoast_head_json":{"title":"Confira o tipo ideal de embalagem para p\u00e3es e doces","description":"Descubra o tipo ideal de embalagem para p\u00e3es e doces, com foco em sustentabilidade, design e fideliza\u00e7\u00e3o de clientes.","robots":{"index":"index","follow":"follow","max-snippet":"max-snippet:-1","max-image-preview":"max-image-preview:large","max-video-preview":"max-video-preview:-1"},"canonical":"https:\/\/www.scuadra.com.br\/blog\/embalagem-para-paes-e-doces\/","og_locale":"pt_BR","og_type":"article","og_title":"Confira o tipo ideal de embalagem para p\u00e3es e doces","og_description":"Descubra o tipo ideal de embalagem para p\u00e3es e doces, com foco em sustentabilidade, design e fideliza\u00e7\u00e3o de clientes.","og_url":"https:\/\/www.scuadra.com.br\/blog\/embalagem-para-paes-e-doces\/","og_site_name":"Embalagens diferenciadas e personalizadas | Scuadra","article_publisher":"https:\/\/www.facebook.com\/scuadraembalagens","article_published_time":"2025-08-11T13:43:00+00:00","article_modified_time":"2025-08-11T14:41:44+00:00","og_image":[{"width":1200,"height":850,"url":"https:\/\/www.scuadra.com.br\/blog\/wp-content\/uploads\/2024\/06\/embalagens-para-paes-e-doces.jpg","type":"image\/jpeg"}],"author":"Scuadra","twitter_card":"summary_large_image","twitter_creator":"@scuadraembalage","twitter_site":"@scuadraembalage","twitter_misc":{"Escrito por":"Scuadra","Est. tempo de leitura":"4 minutos"},"schema":{"@context":"https:\/\/schema.org","@graph":[{"@type":"Article","@id":"https:\/\/www.scuadra.com.br\/blog\/embalagem-para-paes-e-doces\/#article","isPartOf":{"@id":"https:\/\/www.scuadra.com.br\/blog\/embalagem-para-paes-e-doces\/"},"author":{"name":"Scuadra","@id":"https:\/\/www.scuadra.com.br\/blog\/#\/schema\/person\/4ce2a1a7447fa15541ca415fe088ad85"},"headline":"Confira o tipo ideal de embalagem para p\u00e3es e doces","datePublished":"2025-08-11T13:43:00+00:00","dateModified":"2025-08-11T14:41:44+00:00","mainEntityOfPage":{"@id":"https:\/\/www.scuadra.com.br\/blog\/embalagem-para-paes-e-doces\/"},"wordCount":752,"commentCount":0,"publisher":{"@id":"https:\/\/www.scuadra.com.br\/blog\/#organization"},"articleSection":["Solu\u00e7\u00f5es criativas"],"inLanguage":"pt-BR","potentialAction":[{"@type":"CommentAction","name":"Comment","target":["https:\/\/www.scuadra.com.br\/blog\/embalagem-para-paes-e-doces\/#respond"]}]},{"@type":"WebPage","@id":"https:\/\/www.scuadra.com.br\/blog\/embalagem-para-paes-e-doces\/","url":"https:\/\/www.scuadra.com.br\/blog\/embalagem-para-paes-e-doces\/","name":"Confira o tipo ideal de embalagem para p\u00e3es e doces","isPartOf":{"@id":"https:\/\/www.scuadra.com.br\/blog\/#website"},"datePublished":"2025-08-11T13:43:00+00:00","dateModified":"2025-08-11T14:41:44+00:00","description":"Descubra o tipo ideal de embalagem para p\u00e3es e doces, com foco em sustentabilidade, design e fideliza\u00e7\u00e3o de clientes.","breadcrumb":{"@id":"https:\/\/www.scuadra.com.br\/blog\/embalagem-para-paes-e-doces\/#breadcrumb"},"inLanguage":"pt-BR","potentialAction":[{"@type":"ReadAction","target":["https:\/\/www.scuadra.com.br\/blog\/embalagem-para-paes-e-doces\/"]}]},{"@type":"BreadcrumbList","@id":"https:\/\/www.scuadra.com.br\/blog\/embalagem-para-paes-e-doces\/#breadcrumb","itemListElement":[{"@type":"ListItem","position":1,"name":"In\u00edcio","item":"https:\/\/www.scuadra.com.br\/blog\/"},{"@type":"ListItem","position":2,"name":"Confira o tipo ideal de embalagem para p\u00e3es e doces"}]},{"@type":"WebSite","@id":"https:\/\/www.scuadra.com.br\/blog\/#website","url":"https:\/\/www.scuadra.com.br\/blog\/","name":"Embalagens diferenciadas e personalizadas | Blog da Scuadra","description":"Solu&ccedil;&otilde;es criativas e inovadoras no desenvolvimento de embalagens diferenciadas e personalizadas, que agreguem valor ao seu produto no ponto de venda.","publisher":{"@id":"https:\/\/www.scuadra.com.br\/blog\/#organization"},"potentialAction":[{"@type":"SearchAction","target":{"@type":"EntryPoint","urlTemplate":"https:\/\/www.scuadra.com.br\/blog\/?s={search_term_string}"},"query-input":"required name=search_term_string"}],"inLanguage":"pt-BR"},{"@type":"Organization","@id":"https:\/\/www.scuadra.com.br\/blog\/#organization","name":"Scuadra Embalagens Diferenciadas Ind. e Com. Ltda","url":"https:\/\/www.scuadra.com.br\/blog\/","logo":{"@type":"ImageObject","inLanguage":"pt-BR","@id":"https:\/\/www.scuadra.com.br\/blog\/#\/schema\/logo\/image\/","url":"https:\/\/www.scuadra.com.br\/blog\/wp-content\/uploads\/2016\/10\/SCUADRA_NOVO.png","contentUrl":"https:\/\/www.scuadra.com.br\/blog\/wp-content\/uploads\/2016\/10\/SCUADRA_NOVO.png","width":400,"height":400,"caption":"Scuadra Embalagens Diferenciadas Ind. e Com. Ltda"},"image":{"@id":"https:\/\/www.scuadra.com.br\/blog\/#\/schema\/logo\/image\/"},"sameAs":["https:\/\/www.facebook.com\/scuadraembalagens","https:\/\/twitter.com\/scuadraembalage","https:\/\/www.instagram.com\/scuadraembalagens\/","https:\/\/www.linkedin.com\/company\/scuadra-manuseio-e-kits-promocionais-ltda","https:\/\/www.pinterest.com\/scuadraembalage"]},{"@type":"Person","@id":"https:\/\/www.scuadra.com.br\/blog\/#\/schema\/person\/4ce2a1a7447fa15541ca415fe088ad85","name":"Scuadra","image":{"@type":"ImageObject","inLanguage":"pt-BR","@id":"https:\/\/www.scuadra.com.br\/blog\/#\/schema\/person\/image\/","url":"https:\/\/www.scuadra.com.br\/blog\/wp-content\/uploads\/2017\/01\/logo_scuadra_v16-150x150.png","contentUrl":"https:\/\/www.scuadra.com.br\/blog\/wp-content\/uploads\/2017\/01\/logo_scuadra_v16-150x150.png","caption":"Scuadra"},"description":"Embalagens personalizadas para empresas que tenham inova\u00e7\u00e3o em seu DNA.","url":"https:\/\/www.scuadra.com.br\/blog\/author\/scuadra\/"}]}},"_links":{"self":[{"href":"https:\/\/www.scuadra.com.br\/blog\/wp-json\/wp\/v2\/posts\/5983"}],"collection":[{"href":"https:\/\/www.scuadra.com.br\/blog\/wp-json\/wp\/v2\/posts"}],"about":[{"href":"https:\/\/www.scuadra.com.br\/blog\/wp-json\/wp\/v2\/types\/post"}],"author":[{"embeddable":true,"href":"https:\/\/www.scuadra.com.br\/blog\/wp-json\/wp\/v2\/users\/3"}],"replies":[{"embeddable":true,"href":"https:\/\/www.scuadra.com.br\/blog\/wp-json\/wp\/v2\/comments?post=5983"}],"version-history":[{"count":12,"href":"https:\/\/www.scuadra.com.br\/blog\/wp-json\/wp\/v2\/posts\/5983\/revisions"}],"predecessor-version":[{"id":12963,"href":"https:\/\/www.scuadra.com.br\/blog\/wp-json\/wp\/v2\/posts\/5983\/revisions\/12963"}],"wp:featuredmedia":[{"embeddable":true,"href":"https:\/\/www.scuadra.com.br\/blog\/wp-json\/wp\/v2\/media\/11725"}],"wp:attachment":[{"href":"https:\/\/www.scuadra.com.br\/blog\/wp-json\/wp\/v2\/media?parent=5983"}],"wp:term":[{"taxonomy":"category","embeddable":true,"href":"https:\/\/www.scuadra.com.br\/blog\/wp-json\/wp\/v2\/categories?post=5983"},{"taxonomy":"post_tag","embeddable":true,"href":"https:\/\/www.scuadra.com.br\/blog\/wp-json\/wp\/v2\/tags?post=5983"},{"taxonomy":"series","embeddable":true,"href":"https:\/\/www.scuadra.com.br\/blog\/wp-json\/wp\/v2\/series?post=5983"}],"curies":[{"name":"wp","href":"https:\/\/api.w.org\/{rel}","templated":true}]}}